{"id":27787,"date":"2020-08-11T11:52:25","date_gmt":"2020-08-11T15:52:25","guid":{"rendered":"https:\/\/www.radioamigavallenar.cl\/?p=27787"},"modified":"2020-08-11T11:52:26","modified_gmt":"2020-08-11T15:52:26","slug":"mop-atacama-ejecuta-obras-de-conservacion-en-uno-de-los-principales-aerodromos-de-la-region","status":"publish","type":"post","link":"https:\/\/www.radioamigavallenar.cl\/?p=27787","title":{"rendered":"MOP Atacama ejecuta obras de Conservaci\u00f3n en uno de los principales aer\u00f3dromos de la regi\u00f3n"},"content":{"rendered":"\n<div class=\"wp-block-image\"><figure class=\"aligncenter size-large\"><img loading=\"lazy\" decoding=\"async\" width=\"1024\" height=\"682\" src=\"https:\/\/www.radioamigavallenar.cl\/wp-content\/uploads\/2020\/08\/20200811_102511-1024x682.jpg\" alt=\"\" class=\"wp-image-27788\" srcset=\"https:\/\/www.radioamigavallenar.cl\/wp-content\/uploads\/2020\/08\/20200811_102511-1024x682.jpg 1024w, https:\/\/www.radioamigavallenar.cl\/wp-content\/uploads\/2020\/08\/20200811_102511-300x200.jpg 300w, https:\/\/www.radioamigavallenar.cl\/wp-content\/uploads\/2020\/08\/20200811_102511-768x512.jpg 768w, https:\/\/www.radioamigavallenar.cl\/wp-content\/uploads\/2020\/08\/20200811_102511.jpg 1280w\" sizes=\"auto, (max-width: 1024px) 100vw, 1024px\" \/><\/figure><\/div>\n\n\n\n<p>Las obras comenzaron en mayo del 2020 y contemplan una duraci\u00f3n de 120 d\u00edas.<\/p>\n\n\n\n<p>Un 50% de avance alcanza la obra de Conservaci\u00f3n Rutinaria del Cerco Perimetral&nbsp; del Aer\u00f3dromo de Chamonate en la ciudad de Copiap\u00f3. El Seremi de Obras P\u00fablicas, Alfredo Campbell, junto al Director de Aeropuertos David Olivares y la Inspectora Fiscal, Ang\u00e9lica Munizaga visitaron la obra para inspeccionar en terreno los trabajos que permitir\u00e1n no solo mantener&nbsp; los est\u00e1ndares exigidos por la autoridad aeron\u00e1utica, sino tambi\u00e9n, mantener la infraestructura en \u00f3ptimas condiciones para ser utilizado en casos de emergencia.<\/p>\n\n\n\n<p>En el lugar el Seremi del MOP se\u00f1al\u00f3, \u201cel proyecto que visitamos ejecutado por nuestra Direcci\u00f3n Regional de Aeropuertos (DAP) con todos los protocolos de seguridad, alcanza una inversi\u00f3n aproximada a los $200 millones de pesos y consiste en la instalaci\u00f3n de 1.440 ml. (metros lineales) de cerco met\u00e1lico del tipo Malla Acmafor 3D en el frontis del aer\u00f3dromo y que cumple con la normativa aeron\u00e1utica exigida por la DGAC. Tambi\u00e9n nos encontramos ejecutando la instalaci\u00f3n de 1.500 ml de cerco del tipo agr\u00edcola en reemplazo de cerco existente que se encuentra en mal estado, el que es pintando con los colores rojo y blanco para cumplir con la normativa aeroportuaria para la delimitaci\u00f3n de los per\u00edmetros del recinto. Adem\u00e1s de la conformaci\u00f3n de fosos perimetrales como medidas de mitigaci\u00f3n aluvional\u201d.<\/p>\n\n\n\n<p>Los trabajos de conservaci\u00f3n ejecutados por la Direcci\u00f3n Regional de Aeropuertos del MOP, vienen a mejorar las condiciones de seguridad a\u00e9rea exigidos por la Direcci\u00f3n General de Aeron\u00e1utica Civil y se encuentran a cargo de la empresa contratista Mecvalves Ltda.<\/p>\n\n\n\n<p>Para finalizar, el Seremi Campbell se\u00f1al\u00f3, \u201ces importante destacar que este Aer\u00f3dromo funciona como principal puente de conectividad a\u00e9rea para casos de emergencia y traslados Aerom\u00e9dicos, por lo cual como Gobierno a trav\u00e9s del &nbsp;Ministerio de Obras P\u00fablicas, tenemos la misi\u00f3n de mantener la infraestructura aeroportuaria en \u00f3ptimas condiciones de seguridad\u201d.<\/p>\n","protected":false},"excerpt":{"rendered":"<p>Las obras comenzaron en mayo del 2020 y contemplan una duraci\u00f3n de 120 d\u00edas. Un 50% de avance alcanza la obra de Conservaci\u00f3n Rutinaria del&hellip; <\/p>\n","protected":false},"author":2,"featured_media":27788,"comment_status":"open","ping_status":"closed","sticky":false,"template":"","format":"standard","meta":{"footnotes":""},"categories":[7],"tags":[],"class_list":["post-27787","post","type-post","status-publish","format-standard","has-post-thumbnail","hentry","category-atacama"],"_links":{"self":[{"href":"https:\/\/www.radioamigavallenar.cl\/index.php?rest_route=\/wp\/v2\/posts\/27787","targetHints":{"allow":["GET"]}}],"collection":[{"href":"https:\/\/www.radioamigavallenar.cl\/index.php?rest_route=\/wp\/v2\/posts"}],"about":[{"href":"https:\/\/www.radioamigavallenar.cl\/index.php?rest_route=\/wp\/v2\/types\/post"}],"author":[{"embeddable":true,"href":"https:\/\/www.radioamigavallenar.cl\/index.php?rest_route=\/wp\/v2\/users\/2"}],"replies":[{"embeddable":true,"href":"https:\/\/www.radioamigavallenar.cl\/index.php?rest_route=%2Fwp%2Fv2%2Fcomments&post=27787"}],"version-history":[{"count":0,"href":"https:\/\/www.radioamigavallenar.cl\/index.php?rest_route=\/wp\/v2\/posts\/27787\/revisions"}],"wp:featuredmedia":[{"embeddable":true,"href":"https:\/\/www.radioamigavallenar.cl\/index.php?rest_route=\/wp\/v2\/media\/27788"}],"wp:attachment":[{"href":"https:\/\/www.radioamigavallenar.cl\/index.php?rest_route=%2Fwp%2Fv2%2Fmedia&parent=27787"}],"wp:term":[{"taxonomy":"category","embeddable":true,"href":"https:\/\/www.radioamigavallenar.cl\/index.php?rest_route=%2Fwp%2Fv2%2Fcategories&post=27787"},{"taxonomy":"post_tag","embeddable":true,"href":"https:\/\/www.radioamigavallenar.cl\/index.php?rest_route=%2Fwp%2Fv2%2Ftags&post=27787"}],"curies":[{"name":"wp","href":"https:\/\/api.w.org\/{rel}","templated":true}]}}