{"id":27781,"date":"2020-08-11T07:30:44","date_gmt":"2020-08-11T11:30:44","guid":{"rendered":"https:\/\/www.radioamigavallenar.cl\/?p=27781"},"modified":"2020-08-11T07:30:45","modified_gmt":"2020-08-11T11:30:45","slug":"cyberfosis-se-extiende-plazo-para-visitar-vitrina-digital-de-emprendedores","status":"publish","type":"post","link":"https:\/\/www.radioamigavallenar.cl\/?p=27781","title":{"rendered":"CyberFOSIS: Se extiende plazo para visitar vitrina digital de emprendedores"},"content":{"rendered":"\n<div class=\"wp-block-image\"><figure class=\"aligncenter size-large\"><img loading=\"lazy\" decoding=\"async\" width=\"800\" height=\"445\" src=\"https:\/\/www.radioamigavallenar.cl\/wp-content\/uploads\/2020\/08\/Fosis-cyber-800x445-1.jpg\" alt=\"\" class=\"wp-image-27782\" srcset=\"https:\/\/www.radioamigavallenar.cl\/wp-content\/uploads\/2020\/08\/Fosis-cyber-800x445-1.jpg 800w, https:\/\/www.radioamigavallenar.cl\/wp-content\/uploads\/2020\/08\/Fosis-cyber-800x445-1-300x167.jpg 300w, https:\/\/www.radioamigavallenar.cl\/wp-content\/uploads\/2020\/08\/Fosis-cyber-800x445-1-768x427.jpg 768w\" sizes=\"auto, (max-width: 800px) 100vw, 800px\" \/><\/figure><\/div>\n\n\n\n<p>Tras dos semanas de implementaci\u00f3n, se extiende Cyber FOSIS hasta el 16 de agosto, vitrina digital impulsada por el Fondo de Solidaridad e Inversi\u00f3n Social (FOSIS) que permite a emprendedores exponer sus productos y comercializarlos. Los participantes de esta iniciativa se reunieron para evaluar la experiencia y tambi\u00e9n para hacer una invitaci\u00f3n a las personas para que &nbsp;puedan mirar y comprar estos productos a trav\u00e9s de esta plataforma, que fue implementada para dar impulso a los emprendimientos de m\u00e1s de 450 personas en todo el pa\u00eds.<\/p>\n\n\n\n<p>\u201cNos reunimos junto a los protagonistas de esta vitrina digital para saber c\u00f3mo les ido y hacer un balance. Hasta el momento ha sido positivo, y queremos que m\u00e1s personas visiten la p\u00e1gina y sobre todo prefieran los productos de nuestra regi\u00f3n. Es momento de apoyar el emprendimiento, sobre todo en tiempos tan complejos como los que estamos viviendo con la pandemia\u201d, expres\u00f3 la directora Mar\u00eda Teresa Ca\u00f1as.<\/p>\n\n\n\n<p>Un total de 25 emprendedores y principalmente emprendedoras de distintas comunas de Atacama dan vida a esta vitrina virtual llamada Cyber FOSIS, sitio web implementado a nivel nacional y que aloja im\u00e1genes, descripci\u00f3n y contacto de redes sociales de 450 participantes de todo el pa\u00eds.<\/p>\n\n\n\n<p>Una de las participantes que est\u00e1 exponiendo sus productos en esta vitrina digital es Nicole Pardo que realiza hermosa artesan\u00eda y pinturas: \u201cExcelente la instancia que nos dio FOSIS ahora con esta vitrina virtual para poder tener un alcance mayor como emprendedor y poder tener m\u00e1s redes de apoyo. Ha sido bien satisfactorio en base a la promoci\u00f3n del emprendimiento de cada uno de nosotros\u201d, sostuvo la creadora del emprendimiento \u201cPelusa Robles\u201d.<\/p>\n\n\n\n<p>Los productos Cyber FOSIS tienen entre un 5 y un 20% de descuento y el contacto es entre el comprador y el due\u00f1o de los emprendimientos a trav\u00e9s de las redes sociales y tel\u00e9fonos de contacto. Entre ambas partes acuerdan el despacho del producto y el medio de pago.<\/p>\n\n\n\n<p>La directora del FOSIS concluy\u00f3 se\u00f1alando que \u201cesta iniciativa busca contribuir a las otras medidas implementadas por el gobierno del Presidente Sebasti\u00e1n Pi\u00f1era para entregar apoyo al emprendimiento. Es necesario generar todas las acciones posibles para reactivar la econom\u00eda y esperamos que las personas puedan darse a conocer, vender m\u00e1s productos y generar recursos para salir adelante junto a sus familias\u201d.<\/p>\n","protected":false},"excerpt":{"rendered":"<p>Tras dos semanas de implementaci\u00f3n, se extiende Cyber FOSIS hasta el 16 de agosto, vitrina digital impulsada por el Fondo de Solidaridad e Inversi\u00f3n Social&hellip; <\/p>\n","protected":false},"author":2,"featured_media":27782,"comment_status":"open","ping_status":"closed","sticky":false,"template":"","format":"standard","meta":{"footnotes":""},"categories":[7,1],"tags":[],"class_list":["post-27781","post","type-post","status-publish","format-standard","has-post-thumbnail","hentry","category-atacama","category-provincia-del-huasco-2"],"_links":{"self":[{"href":"https:\/\/www.radioamigavallenar.cl\/index.php?rest_route=\/wp\/v2\/posts\/27781","targetHints":{"allow":["GET"]}}],"collection":[{"href":"https:\/\/www.radioamigavallenar.cl\/index.php?rest_route=\/wp\/v2\/posts"}],"about":[{"href":"https:\/\/www.radioamigavallenar.cl\/index.php?rest_route=\/wp\/v2\/types\/post"}],"author":[{"embeddable":true,"href":"https:\/\/www.radioamigavallenar.cl\/index.php?rest_route=\/wp\/v2\/users\/2"}],"replies":[{"embeddable":true,"href":"https:\/\/www.radioamigavallenar.cl\/index.php?rest_route=%2Fwp%2Fv2%2Fcomments&post=27781"}],"version-history":[{"count":0,"href":"https:\/\/www.radioamigavallenar.cl\/index.php?rest_route=\/wp\/v2\/posts\/27781\/revisions"}],"wp:featuredmedia":[{"embeddable":true,"href":"https:\/\/www.radioamigavallenar.cl\/index.php?rest_route=\/wp\/v2\/media\/27782"}],"wp:attachment":[{"href":"https:\/\/www.radioamigavallenar.cl\/index.php?rest_route=%2Fwp%2Fv2%2Fmedia&parent=27781"}],"wp:term":[{"taxonomy":"category","embeddable":true,"href":"https:\/\/www.radioamigavallenar.cl\/index.php?rest_route=%2Fwp%2Fv2%2Fcategories&post=27781"},{"taxonomy":"post_tag","embeddable":true,"href":"https:\/\/www.radioamigavallenar.cl\/index.php?rest_route=%2Fwp%2Fv2%2Ftags&post=27781"}],"curies":[{"name":"wp","href":"https:\/\/api.w.org\/{rel}","templated":true}]}}