{"id":27778,"date":"2020-08-11T07:27:28","date_gmt":"2020-08-11T11:27:28","guid":{"rendered":"https:\/\/www.radioamigavallenar.cl\/?p=27778"},"modified":"2020-08-11T07:27:29","modified_gmt":"2020-08-11T11:27:29","slug":"arma-junto-a-instituto-iplacex-organizan-convenrsatorio-sobre-las-proyecciones-economicas-para-atacama","status":"publish","type":"post","link":"https:\/\/www.radioamigavallenar.cl\/?p=27778","title":{"rendered":"ARMA, junto a instituto iplacex organizan convenrsatorio sobre las proyecciones econ\u00f3micas para Atacama."},"content":{"rendered":"\n<div class=\"wp-block-image\"><figure class=\"aligncenter size-large\"><img loading=\"lazy\" decoding=\"async\" width=\"1024\" height=\"611\" src=\"https:\/\/www.radioamigavallenar.cl\/wp-content\/uploads\/2020\/08\/flyer-editado-1024x611.jpg\" alt=\"\" class=\"wp-image-27779\" srcset=\"https:\/\/www.radioamigavallenar.cl\/wp-content\/uploads\/2020\/08\/flyer-editado-1024x611.jpg 1024w, https:\/\/www.radioamigavallenar.cl\/wp-content\/uploads\/2020\/08\/flyer-editado-300x179.jpg 300w, https:\/\/www.radioamigavallenar.cl\/wp-content\/uploads\/2020\/08\/flyer-editado-768x458.jpg 768w, https:\/\/www.radioamigavallenar.cl\/wp-content\/uploads\/2020\/08\/flyer-editado.jpg 1116w\" sizes=\"auto, (max-width: 1024px) 100vw, 1024px\" \/><\/figure><\/div>\n\n\n\n<p><strong>\u201cContar\u00e1 con la participaci\u00f3n del Ministro de Miner\u00eda, Baldo Prokurica, la presidenta del CORE, Ruth Vega, el presidente de CORPROA, Daniel Llorente y el presidente de ARMA, Ra\u00fal Salas\u201d<\/strong><\/p>\n\n\n\n<p>La Asociaci\u00f3n Regional de Municipios de Atacama, ARMA, junto a IPLACEX, est\u00e1n invitando a participar de esta Webinar denominada \u201c<strong>EL DESARROLLO ECON\u00d3MICO Y LAS PERSPECTIVAS EN TIEMPOS DE PANDEMIA\u201d,&nbsp;<\/strong>que&nbsp; tiene como eje central ser un espacio para la discusi\u00f3n respecto al actual escenario econ\u00f3mico y los efectos que ha provocado en el pa\u00eds, especialmente en la regi\u00f3n de Atacama, &nbsp;y como tambi\u00e9n podemos visualizar las posibles proyecciones en el corto y mediano plazo.<\/p>\n\n\n\n<p>Este conversatorio se realizar\u00e1 el pr\u00f3ximo 14 de Agosto a partir de las 10:00 hasta las 11:30hrs. Este espacio cuenta con la moderaci\u00f3n de la periodista Vanessa Mondaca Cotrozo y ser\u00e1 presentado por el Director de Iplacex Atacama, Carlos Martin Prunotto.<\/p>\n\n\n\n<p class=\"has-text-align-center\">Entre las tem\u00e1ticas a discutir se han definido las siguientes:<\/p>\n\n\n\n<ul class=\"wp-block-list\"><li>Crecimiento y productividad, empleo, Inversi\u00f3n, comercio exterior<\/li><li>Impacto social en el pa\u00eds y en la regi\u00f3n producto de la crisis econ\u00f3mica<\/li><li>Pol\u00edticas p\u00fablicas y acciones que se han tomado para enfrentar la crisis (Gobierno, Parlamento, Banco Central)<\/li><li>Papel de los privados (Gremios, grandes empresas, pymes, trabajadores, organizaciones sociales) a nivel nacional y acciones para enfrentar la crisis<\/li><li>Papel y acciones en materia econ\u00f3mica y productiva que se han ejecutado y que se deber\u00edan tomar por parte de los actores regionales, p\u00fablicos y privados en el proceso de enfrentar la crisis econ\u00f3mica y en la etapa de recuperaci\u00f3n post pandemia<\/li><li>Papel de la miner\u00eda en la coyuntura y en la recuperaci\u00f3n econ\u00f3mica de la regi\u00f3n<\/li><li>Oportunidades de desarrollo econ\u00f3mico producto de la crisis derivada de la pandemia en la regi\u00f3n de Atacama<\/li><\/ul>\n\n\n\n<p>Entre los invitados a participar est\u00e1n autoridades regionales, alcaldes y alcaldesas de Atacama, concejales y concejalas, funcionarios y funcionarias municipales, dirigentes gremiales, sociales, empresarios, emprendedores, y quienes se interesen en ser parte activa de esta discusi\u00f3n, que permitir\u00e1 hacer preguntas a los panelistas&nbsp; para conocer su visi\u00f3n respecto a lo que est\u00e1 viviendo el pa\u00eds y la regi\u00f3n por los efectos del COVID 19.<\/p>\n","protected":false},"excerpt":{"rendered":"<p>\u201cContar\u00e1 con la participaci\u00f3n del Ministro de Miner\u00eda, Baldo Prokurica, la presidenta del CORE, Ruth Vega, el presidente de CORPROA, Daniel Llorente y el presidente&hellip; <\/p>\n","protected":false},"author":2,"featured_media":27779,"comment_status":"open","ping_status":"closed","sticky":false,"template":"","format":"standard","meta":{"footnotes":""},"categories":[7,34,1],"tags":[],"class_list":["post-27778","post","type-post","status-publish","format-standard","has-post-thumbnail","hentry","category-atacama","category-mineria","category-provincia-del-huasco-2"],"_links":{"self":[{"href":"https:\/\/www.radioamigavallenar.cl\/index.php?rest_route=\/wp\/v2\/posts\/27778","targetHints":{"allow":["GET"]}}],"collection":[{"href":"https:\/\/www.radioamigavallenar.cl\/index.php?rest_route=\/wp\/v2\/posts"}],"about":[{"href":"https:\/\/www.radioamigavallenar.cl\/index.php?rest_route=\/wp\/v2\/types\/post"}],"author":[{"embeddable":true,"href":"https:\/\/www.radioamigavallenar.cl\/index.php?rest_route=\/wp\/v2\/users\/2"}],"replies":[{"embeddable":true,"href":"https:\/\/www.radioamigavallenar.cl\/index.php?rest_route=%2Fwp%2Fv2%2Fcomments&post=27778"}],"version-history":[{"count":0,"href":"https:\/\/www.radioamigavallenar.cl\/index.php?rest_route=\/wp\/v2\/posts\/27778\/revisions"}],"wp:featuredmedia":[{"embeddable":true,"href":"https:\/\/www.radioamigavallenar.cl\/index.php?rest_route=\/wp\/v2\/media\/27779"}],"wp:attachment":[{"href":"https:\/\/www.radioamigavallenar.cl\/index.php?rest_route=%2Fwp%2Fv2%2Fmedia&parent=27778"}],"wp:term":[{"taxonomy":"category","embeddable":true,"href":"https:\/\/www.radioamigavallenar.cl\/index.php?rest_route=%2Fwp%2Fv2%2Fcategories&post=27778"},{"taxonomy":"post_tag","embeddable":true,"href":"https:\/\/www.radioamigavallenar.cl\/index.php?rest_route=%2Fwp%2Fv2%2Ftags&post=27778"}],"curies":[{"name":"wp","href":"https:\/\/api.w.org\/{rel}","templated":true}]}}