{"id":27776,"date":"2020-08-11T07:23:50","date_gmt":"2020-08-11T11:23:50","guid":{"rendered":"https:\/\/www.radioamigavallenar.cl\/?p=27776"},"modified":"2020-08-11T07:23:51","modified_gmt":"2020-08-11T11:23:51","slug":"diputada-sofia-cid-pide-al-ejecutivo-urgencia-a-proyecto-que-modifica-libertades-condicionales-y-eleva-restricciones-a-femicidas","status":"publish","type":"post","link":"https:\/\/www.radioamigavallenar.cl\/?p=27776","title":{"rendered":"Diputada Sof\u00eda Cid pide al Ejecutivo urgencia a proyecto que modifica libertades condicionales y eleva restricciones a femicidas."},"content":{"rendered":"\n<div class=\"wp-block-image\"><figure class=\"aligncenter size-large\"><img loading=\"lazy\" decoding=\"async\" width=\"1024\" height=\"682\" src=\"https:\/\/www.radioamigavallenar.cl\/wp-content\/uploads\/2020\/01\/SOFIA-CID-SERNATUR-CORFO-1024x682.jpg\" alt=\"\" class=\"wp-image-20248\" srcset=\"https:\/\/www.radioamigavallenar.cl\/wp-content\/uploads\/2020\/01\/SOFIA-CID-SERNATUR-CORFO-1024x682.jpg 1024w, https:\/\/www.radioamigavallenar.cl\/wp-content\/uploads\/2020\/01\/SOFIA-CID-SERNATUR-CORFO-300x200.jpg 300w, https:\/\/www.radioamigavallenar.cl\/wp-content\/uploads\/2020\/01\/SOFIA-CID-SERNATUR-CORFO-768x512.jpg 768w, https:\/\/www.radioamigavallenar.cl\/wp-content\/uploads\/2020\/01\/SOFIA-CID-SERNATUR-CORFO.jpg 1280w\" sizes=\"auto, (max-width: 1024px) 100vw, 1024px\" \/><\/figure><\/div>\n\n\n\n<p>El 18 de julio del a\u00f1o 2019 la diputada Sof\u00eda Cid, junto a&nbsp; parlamentarios de Renovaci\u00f3n Nacional, presentaron un proyecto de ley para&nbsp; modificar el decreto ley N\u00b0 321, de 1925, con el fin de negar el beneficio de libertad condicional a los condenados por los delitos de violaci\u00f3n, violaci\u00f3n con homicidio, parricidio y femicidio. Actualmente dicho proyecto se encuentra en la Comisi\u00f3n de Constituci\u00f3n, a\u00fan sin avanzar, por lo que es muy necesario poder darle celeridad.<\/p>\n\n\n\n<p>En medio de la pol\u00e9mica por el beneficio otorgado al presunto homicida de \u00c1mbar, quien sali\u00f3 en libertad, tres a\u00f1os antes de las modificaciones aprobadas por el Congreso el 2019, es que las parlamentarias esperan que el Ejecutivo de urgencia a la iniciativa que eleva las restricciones para optar a libertad condicional de condenados por este tipo de delitos.<\/p>\n\n\n\n<p>La diputada Sof\u00eda Cid record\u00f3 el caso ocurrido en Atacama, donde un condenado en libertad condicional asesin\u00f3 a tres mujeres.<\/p>\n\n\n\n<p>\u201cEstos casos muestran porque es necesario modificar el beneficio. Si estos individuos no hubiesen gozado de los beneficios, no estar\u00edamos presenciando estos macabros hechos. Por Catalina, Sussy, Marina y \u00c1mbar, reiteramos la solicitud al Gobierno a acelerar el proyecto\u201d, dijo Cid.<\/p>\n\n\n\n<p>Por su parte la diputada Camila Flores dijo que: \u201cActualmente, m\u00e1s que nunca, necesitamos como pa\u00eds que estas personas est\u00e9n de manera permanente y a perpetuidad en las c\u00e1rceles\u201d.<\/p>\n\n\n\n<p>Catalina del Real agreg\u00f3 que: \u201cNecesitamos enviar una se\u00f1al potente a las mujeres y a la comunidad en general, porque lo que ha ocurrido no puede volver a pasar. No puede ser que una persona que cometi\u00f3 delitos tan graves pueda optar a beneficios como la libertad condicional. No es justo\u201d.<\/p>\n\n\n\n<p>Declaraciones que son compartidas por Francesca Mu\u00f1oz: \u201cNos parece importante que esta discusi\u00f3n est\u00e9 presente en el Congreso Nacional. Es imperioso hacer una revisi\u00f3n general del sistema de libertad condicional en Chile y hacer las reformas que resulten necesarias para evitar que estas situaciones se repitan en el futuro\u201d.<\/p>\n","protected":false},"excerpt":{"rendered":"<p>El 18 de julio del a\u00f1o 2019 la diputada Sof\u00eda Cid, junto a&nbsp; parlamentarios de Renovaci\u00f3n Nacional, presentaron un proyecto de ley para&nbsp; modificar el&hellip; <\/p>\n","protected":false},"author":2,"featured_media":20248,"comment_status":"open","ping_status":"closed","sticky":false,"template":"","format":"standard","meta":{"footnotes":""},"categories":[7],"tags":[],"class_list":["post-27776","post","type-post","status-publish","format-standard","has-post-thumbnail","hentry","category-atacama"],"_links":{"self":[{"href":"https:\/\/www.radioamigavallenar.cl\/index.php?rest_route=\/wp\/v2\/posts\/27776","targetHints":{"allow":["GET"]}}],"collection":[{"href":"https:\/\/www.radioamigavallenar.cl\/index.php?rest_route=\/wp\/v2\/posts"}],"about":[{"href":"https:\/\/www.radioamigavallenar.cl\/index.php?rest_route=\/wp\/v2\/types\/post"}],"author":[{"embeddable":true,"href":"https:\/\/www.radioamigavallenar.cl\/index.php?rest_route=\/wp\/v2\/users\/2"}],"replies":[{"embeddable":true,"href":"https:\/\/www.radioamigavallenar.cl\/index.php?rest_route=%2Fwp%2Fv2%2Fcomments&post=27776"}],"version-history":[{"count":0,"href":"https:\/\/www.radioamigavallenar.cl\/index.php?rest_route=\/wp\/v2\/posts\/27776\/revisions"}],"wp:featuredmedia":[{"embeddable":true,"href":"https:\/\/www.radioamigavallenar.cl\/index.php?rest_route=\/wp\/v2\/media\/20248"}],"wp:attachment":[{"href":"https:\/\/www.radioamigavallenar.cl\/index.php?rest_route=%2Fwp%2Fv2%2Fmedia&parent=27776"}],"wp:term":[{"taxonomy":"category","embeddable":true,"href":"https:\/\/www.radioamigavallenar.cl\/index.php?rest_route=%2Fwp%2Fv2%2Fcategories&post=27776"},{"taxonomy":"post_tag","embeddable":true,"href":"https:\/\/www.radioamigavallenar.cl\/index.php?rest_route=%2Fwp%2Fv2%2Ftags&post=27776"}],"curies":[{"name":"wp","href":"https:\/\/api.w.org\/{rel}","templated":true}]}}