{"id":27774,"date":"2020-08-11T07:20:57","date_gmt":"2020-08-11T11:20:57","guid":{"rendered":"https:\/\/www.radioamigavallenar.cl\/?p=27774"},"modified":"2020-08-11T07:20:58","modified_gmt":"2020-08-11T11:20:58","slug":"seremi-de-gobierno-valoro-felicitaciones-del-ministro-de-salud-a-la-region-y-detallo-alcances-de-ley-nacional-del-cancer","status":"publish","type":"post","link":"https:\/\/www.radioamigavallenar.cl\/?p=27774","title":{"rendered":"Seremi de Gobierno valor\u00f3 felicitaciones del Ministro de Salud a la regi\u00f3n y detall\u00f3 alcances de Ley Nacional del C\u00e1ncer"},"content":{"rendered":"\n<div class=\"wp-block-image\"><figure class=\"aligncenter size-large\"><img loading=\"lazy\" decoding=\"async\" width=\"1024\" height=\"685\" src=\"https:\/\/www.radioamigavallenar.cl\/wp-content\/uploads\/2020\/06\/Seremi-de-Gobierno-Pdte-Pi\u00f1era-1024x685.jpg\" alt=\"\" class=\"wp-image-25114\" srcset=\"https:\/\/www.radioamigavallenar.cl\/wp-content\/uploads\/2020\/06\/Seremi-de-Gobierno-Pdte-Pi\u00f1era-1024x685.jpg 1024w, https:\/\/www.radioamigavallenar.cl\/wp-content\/uploads\/2020\/06\/Seremi-de-Gobierno-Pdte-Pi\u00f1era-300x201.jpg 300w, https:\/\/www.radioamigavallenar.cl\/wp-content\/uploads\/2020\/06\/Seremi-de-Gobierno-Pdte-Pi\u00f1era-768x514.jpg 768w, https:\/\/www.radioamigavallenar.cl\/wp-content\/uploads\/2020\/06\/Seremi-de-Gobierno-Pdte-Pi\u00f1era.jpg 1247w\" sizes=\"auto, (max-width: 1024px) 100vw, 1024px\" \/><\/figure><\/div>\n\n\n\n<p>La Secretaria Regional Ministerial de Gobierno, Mar\u00eda Francisca Plaza Velis, se refiri\u00f3 a las palabras del Ministro de Salud, Enrique Paris, refiri\u00e9ndose a la regi\u00f3n de Atacama y aprovech\u00f3 la instancia para valorar, detallar y explicar los alcances de la Ley Nacional del C\u00e1ncer.<\/p>\n\n\n\n<p>En el marco de su balance diario y p\u00fablico, respecto a la emergencia sanitaria, el Ministro Paris destac\u00f3 a la regi\u00f3n por sus 93.345 test por mill\u00f3n de habitantes, ya que supera la media nacional de testeo. \u201cTiene cero ex\u00e1menes en espera, felicito a Atacama por su trabajo\u201d, dijo la autoridad.<\/p>\n\n\n\n<p>Al respecto, la Seremi de Gobierno declar\u00f3 que \u201ctanto las autoridades, como los funcionarios del sistema de salud, han estado trabajando desde el primer d\u00eda con mucha fuerza y sin descanso. Este es un reconocimiento del Ministro a todos y todas quienes trabajan d\u00eda a d\u00eda para resguardar y proteger a la comunidad. Al mismo tiempo, sus palabras son para los ciudadanos responsables de Atacama, quienes sin dudarlo se realizan sus tests cuando la situaci\u00f3n lo amerita. Con estas declaraciones tambi\u00e9n agradecemos, junto al Ministro, el trabajo de la Universidad de Atacama que es la que procesa las muestras en su laboratorio, en una alianza p\u00fablico privada\u00bb.<\/p>\n\n\n\n<p>Plaza Velis aprovech\u00f3 la instancia para detallar los alcances del proyecto que crea la Ley Nacional del C\u00e1ncer. Iniciativa que, por cierto, fue despachada por el Congreso y qued\u00f3 lista para su promulgaci\u00f3n.<\/p>\n\n\n\n<p>La iniciativa establece un marco normativo para la planificaci\u00f3n, desarrollo y ejecuci\u00f3n de pol\u00edticas p\u00fablicas, programas y acciones destinados a establecer las causas y prevenir el aumento de la incidencia del c\u00e1ncer, e implementar sus tratamientos conforme a lo establecido en el Plan Nacional del C\u00e1ncer, incluyendo cuidados paliativos.<\/p>\n\n\n\n<p>La vocera regional del Gobierno sostuvo que la Ley consta de 5 puntos. \u201cEn primer lugar, crea el Fondo Nacional del C\u00e1ncer, que estar\u00e1 destinado a financiar total o parcialmente los programas y proyectos relacionados con la investigaci\u00f3n y estudio, para la implementaci\u00f3n del Programa Nacional del C\u00e1ncer, estudio, evaluaci\u00f3n, promoci\u00f3n, desarrollo de iniciativas de prevenci\u00f3n, pesquisa temprana y otros. Este fondo se compone de aportes provenientes de la Ley de Presupuestos; cooperaci\u00f3n internacional; donaciones, herencias o legados y recursos del Fondo de Desarrollo Regional, y pueden ser adjudicados mediante concurso p\u00fablico convocado por la Subsecretar\u00eda de Salud P\u00fablica de forma semestral\u201d.<\/p>\n\n\n\n<p>\u201cEn segundo lugar, la Ley considera una pol\u00edtica de formaci\u00f3n de especialistas para el tratamiento del c\u00e1ncer, tanto m\u00e9dicos y otros profesionales de la salud como investigadores, lo cual estar\u00e1 coordinado con el Ministerio de Educaci\u00f3n y el de Ciencia, Tecnolog\u00eda, Conocimiento e Innovaci\u00f3n. En tercer lugar, la normativa crea la Red Oncol\u00f3gica Nacional, que constar\u00e1 de centros especializados que ser\u00e1n parte de la Red Asistencial de Salud, con el prop\u00f3sito de entregar diagn\u00f3sticos, tratamientos y seguimiento de los pacientes. Estos centros ser\u00e1n clasificados como centros de Alta, Mediana y Baja complejidad\u201d, explic\u00f3 la autoridad.<\/p>\n\n\n\n<p>En cuarto t\u00e9rmino, la Ley crea Registro Nacional de pacientes con c\u00e1ncer que debe ser elaborado por la Subsecretar\u00eda de Redes Asistenciales, quedando como una enfermedad de notificaci\u00f3n obligatoria y por \u00faltimo, esta iniciativa crea la Comisi\u00f3n Nacional del C\u00e1ncer, la cual deber\u00e1 asesorar al Ministerio de Salud en la formulaci\u00f3n de las pol\u00edticas, en la investigaci\u00f3n cient\u00edfica, implementaci\u00f3n de estrategias y las dem\u00e1s acciones que se promueven en esta Ley. La Comisi\u00f3n estar\u00e1 formada por 5 representantes de asociaciones cient\u00edficas, 3 de facultades de medicina de universidades acreditadas, y 3 de fundaciones u organizaciones de pacientes.<\/p>\n","protected":false},"excerpt":{"rendered":"<p>La Secretaria Regional Ministerial de Gobierno, Mar\u00eda Francisca Plaza Velis, se refiri\u00f3 a las palabras del Ministro de Salud, Enrique Paris, refiri\u00e9ndose a la regi\u00f3n&hellip; <\/p>\n","protected":false},"author":2,"featured_media":25114,"comment_status":"open","ping_status":"closed","sticky":false,"template":"","format":"standard","meta":{"footnotes":""},"categories":[7],"tags":[],"class_list":["post-27774","post","type-post","status-publish","format-standard","has-post-thumbnail","hentry","category-atacama"],"_links":{"self":[{"href":"https:\/\/www.radioamigavallenar.cl\/index.php?rest_route=\/wp\/v2\/posts\/27774","targetHints":{"allow":["GET"]}}],"collection":[{"href":"https:\/\/www.radioamigavallenar.cl\/index.php?rest_route=\/wp\/v2\/posts"}],"about":[{"href":"https:\/\/www.radioamigavallenar.cl\/index.php?rest_route=\/wp\/v2\/types\/post"}],"author":[{"embeddable":true,"href":"https:\/\/www.radioamigavallenar.cl\/index.php?rest_route=\/wp\/v2\/users\/2"}],"replies":[{"embeddable":true,"href":"https:\/\/www.radioamigavallenar.cl\/index.php?rest_route=%2Fwp%2Fv2%2Fcomments&post=27774"}],"version-history":[{"count":0,"href":"https:\/\/www.radioamigavallenar.cl\/index.php?rest_route=\/wp\/v2\/posts\/27774\/revisions"}],"wp:featuredmedia":[{"embeddable":true,"href":"https:\/\/www.radioamigavallenar.cl\/index.php?rest_route=\/wp\/v2\/media\/25114"}],"wp:attachment":[{"href":"https:\/\/www.radioamigavallenar.cl\/index.php?rest_route=%2Fwp%2Fv2%2Fmedia&parent=27774"}],"wp:term":[{"taxonomy":"category","embeddable":true,"href":"https:\/\/www.radioamigavallenar.cl\/index.php?rest_route=%2Fwp%2Fv2%2Fcategories&post=27774"},{"taxonomy":"post_tag","embeddable":true,"href":"https:\/\/www.radioamigavallenar.cl\/index.php?rest_route=%2Fwp%2Fv2%2Ftags&post=27774"}],"curies":[{"name":"wp","href":"https:\/\/api.w.org\/{rel}","templated":true}]}}