{"id":27771,"date":"2020-08-11T07:19:28","date_gmt":"2020-08-11T11:19:28","guid":{"rendered":"https:\/\/www.radioamigavallenar.cl\/?p=27771"},"modified":"2020-08-11T07:19:29","modified_gmt":"2020-08-11T11:19:29","slug":"ministro-prokurica-esperamos-que-4-mil-pequenos-mineros-sean-beneficiados-con-recursos-pamma","status":"publish","type":"post","link":"https:\/\/www.radioamigavallenar.cl\/?p=27771","title":{"rendered":"Ministro Prokurica: \u201cEsperamos que 4 mil peque\u00f1os mineros sean beneficiados con recursos PAMMA\u201d"},"content":{"rendered":"\n<div class=\"wp-block-image\"><figure class=\"aligncenter size-large\"><img loading=\"lazy\" decoding=\"async\" width=\"1024\" height=\"682\" src=\"https:\/\/www.radioamigavallenar.cl\/wp-content\/uploads\/2020\/08\/PAMMA-2020-1024x682.jpeg\" alt=\"\" class=\"wp-image-27772\" srcset=\"https:\/\/www.radioamigavallenar.cl\/wp-content\/uploads\/2020\/08\/PAMMA-2020-1024x682.jpeg 1024w, https:\/\/www.radioamigavallenar.cl\/wp-content\/uploads\/2020\/08\/PAMMA-2020-300x200.jpeg 300w, https:\/\/www.radioamigavallenar.cl\/wp-content\/uploads\/2020\/08\/PAMMA-2020-768x512.jpeg 768w, https:\/\/www.radioamigavallenar.cl\/wp-content\/uploads\/2020\/08\/PAMMA-2020.jpeg 1280w\" sizes=\"auto, (max-width: 1024px) 100vw, 1024px\" \/><\/figure><\/div>\n\n\n\n<ul class=\"wp-block-list\"><li><strong>Por segundo a\u00f1o consecutivo los recursos ser\u00e1n distribuidos a faenas de todas las regiones de Chile.&nbsp;<\/strong><\/li><\/ul>\n\n\n\n<p>El ministro de Miner\u00eda, Baldo Prokurica, dio a conocer los resultados del Programa de Capacitaci\u00f3n y Transferencia Tecnol\u00f3gica para la Peque\u00f1a Miner\u00eda Artesanal, PAMMA, y que este a\u00f1o entregar\u00e1 m\u00e1s de $2.300 millones, que se distribuir\u00e1n en 414 proyectos adjudicados de todas las regiones del pa\u00eds.<\/p>\n\n\n\n<p>El secretario de Estado se\u00f1al\u00f3 que este a\u00f1o \u201cesperamos que 4 mil peque\u00f1os mineros sean beneficiados con estos recursos del Ministerio de Miner\u00eda. En medio de la pandemia esta es una muy buena noticia para el sector, que contar\u00e1 con recursos frescos para mejorar sus faenas y hacer m\u00e1s eficiente su productividad. Quiero destacar que durante el proceso, hicimos todos los esfuerzos como gobierno para facilitar la postulaci\u00f3n y de esta manera, nadie se quedara sin posibilidad de participar\u201d.<\/p>\n\n\n\n<p>Considerando el complejo momento econ\u00f3mico que vive el pa\u00eds a causa del Coronavirus, el ministro Baldo Prokurica en coordinaci\u00f3n con el subsecretario Ricardo Irarr\u00e1zabal realiz\u00f3 gestiones para aumentar el anticipo en el traspaso de recursos, de un 30% a un 70% en el caso de proyectos relacionados a obra minera. Por otra parte, se dar\u00e1 la opci\u00f3n de transferir el dinero a cuentas corrientes o hacer entrega de cheques o vales vista, dependiendo de la solicitud del beneficiado.<\/p>\n\n\n\n<p class=\"has-text-align-center\"><strong>Recursos a nivel local &nbsp;<\/strong><\/p>\n\n\n\n<p>En el caso de la Regi\u00f3n de Atacama, los proyectos PAMMA adjudicados fueron 131. El total a distribuir ser\u00e1 de $765.476.584.<\/p>\n\n\n\n<p>El seremi de Miner\u00eda, Cristian Alvayai, felicit\u00f3 a los proyectos ganadores e indic\u00f3 que \u201cestos fondos permitir\u00e1n a cada proyecto contar con nuevos equipamientos, obras o insumos &nbsp;para impulsar el desarrollo de la peque\u00f1a miner\u00eda en nuestra regi\u00f3n. Con estos recursos vamos a beneficiar a 2.181 mineros de la regi\u00f3n, que hoy cuentan con todo nuestro apoyo para sacar adelante sus iniciativas\u201d.<\/p>\n","protected":false},"excerpt":{"rendered":"<p>Por segundo a\u00f1o consecutivo los recursos ser\u00e1n distribuidos a faenas de todas las regiones de Chile.&nbsp; El ministro de Miner\u00eda, Baldo Prokurica, dio a conocer&hellip; <\/p>\n","protected":false},"author":2,"featured_media":27772,"comment_status":"open","ping_status":"closed","sticky":false,"template":"","format":"standard","meta":{"footnotes":""},"categories":[7,34],"tags":[],"class_list":["post-27771","post","type-post","status-publish","format-standard","has-post-thumbnail","hentry","category-atacama","category-mineria"],"_links":{"self":[{"href":"https:\/\/www.radioamigavallenar.cl\/index.php?rest_route=\/wp\/v2\/posts\/27771","targetHints":{"allow":["GET"]}}],"collection":[{"href":"https:\/\/www.radioamigavallenar.cl\/index.php?rest_route=\/wp\/v2\/posts"}],"about":[{"href":"https:\/\/www.radioamigavallenar.cl\/index.php?rest_route=\/wp\/v2\/types\/post"}],"author":[{"embeddable":true,"href":"https:\/\/www.radioamigavallenar.cl\/index.php?rest_route=\/wp\/v2\/users\/2"}],"replies":[{"embeddable":true,"href":"https:\/\/www.radioamigavallenar.cl\/index.php?rest_route=%2Fwp%2Fv2%2Fcomments&post=27771"}],"version-history":[{"count":0,"href":"https:\/\/www.radioamigavallenar.cl\/index.php?rest_route=\/wp\/v2\/posts\/27771\/revisions"}],"wp:featuredmedia":[{"embeddable":true,"href":"https:\/\/www.radioamigavallenar.cl\/index.php?rest_route=\/wp\/v2\/media\/27772"}],"wp:attachment":[{"href":"https:\/\/www.radioamigavallenar.cl\/index.php?rest_route=%2Fwp%2Fv2%2Fmedia&parent=27771"}],"wp:term":[{"taxonomy":"category","embeddable":true,"href":"https:\/\/www.radioamigavallenar.cl\/index.php?rest_route=%2Fwp%2Fv2%2Fcategories&post=27771"},{"taxonomy":"post_tag","embeddable":true,"href":"https:\/\/www.radioamigavallenar.cl\/index.php?rest_route=%2Fwp%2Fv2%2Ftags&post=27771"}],"curies":[{"name":"wp","href":"https:\/\/api.w.org\/{rel}","templated":true}]}}