{"id":27766,"date":"2020-08-11T07:16:33","date_gmt":"2020-08-11T11:16:33","guid":{"rendered":"https:\/\/www.radioamigavallenar.cl\/?p=27766"},"modified":"2020-08-11T07:16:35","modified_gmt":"2020-08-11T11:16:35","slug":"afp-cuprum-anuncia-que-adelantara-proceso-de-pago-del-retiro-del-10","status":"publish","type":"post","link":"https:\/\/www.radioamigavallenar.cl\/?p=27766","title":{"rendered":"AFP Cuprum anuncia que adelantar\u00e1 proceso de pago del retiro del 10%"},"content":{"rendered":"\n<div class=\"wp-block-image\"><figure class=\"aligncenter size-large\"><img loading=\"lazy\" decoding=\"async\" width=\"750\" height=\"400\" src=\"https:\/\/www.radioamigavallenar.cl\/wp-content\/uploads\/2020\/08\/afp-cuprum.jpg\" alt=\"\" class=\"wp-image-27767\" srcset=\"https:\/\/www.radioamigavallenar.cl\/wp-content\/uploads\/2020\/08\/afp-cuprum.jpg 750w, https:\/\/www.radioamigavallenar.cl\/wp-content\/uploads\/2020\/08\/afp-cuprum-300x160.jpg 300w\" sizes=\"auto, (max-width: 750px) 100vw, 750px\" \/><\/figure><\/div>\n\n\n\n<p><strong>AFP Cuprum inform\u00f3 que este domingo comenz\u00f3 el proceso de pago del 10% a sus afiliados&nbsp;que ingresaron la solicitud el pasado 30 de julio, adelant\u00e1ndose a la fecha originalmente estipulada.<\/strong><\/p>\n\n\n\n<p>De acuerdo a lo se\u00f1alado por la administradora, el proceso comenz\u00f3 anticipadamente con el pago de la primera cuota a quienes solicitaron la transferencia de fondos a la Cuenta 2 dentro de la misma AFP.<br><strong><br><\/strong>El pago a otros medios iniciar\u00e1 hoy martes 11 de agosto,\u00a0dos d\u00edas antes de la fecha establecida por la ley a quienes tengan cuenta en Banco Estado, BCI o Santander.<\/p>\n\n\n\n<p>Por su parte, el mi\u00e9rcoles 12 de agosto -un d\u00eda antes de la fecha fijada por la ley- se ejecutar\u00e1 el pago a los restantes afiliados.<br><strong><br><\/strong>Las solicitudes para retirar el 10% de los fondos de pensi\u00f3n que administran las AFP comenz\u00f3 el pasado 30 de julio, desde entonces otras administradoras como ProVida y PlanVital<\/p>\n","protected":false},"excerpt":{"rendered":"<p>AFP Cuprum inform\u00f3 que este domingo comenz\u00f3 el proceso de pago del 10% a sus afiliados&nbsp;que ingresaron la solicitud el pasado 30 de julio, adelant\u00e1ndose&hellip; <\/p>\n","protected":false},"author":2,"featured_media":27767,"comment_status":"open","ping_status":"closed","sticky":false,"template":"","format":"standard","meta":{"footnotes":""},"categories":[37],"tags":[],"class_list":["post-27766","post","type-post","status-publish","format-standard","has-post-thumbnail","hentry","category-nacional"],"_links":{"self":[{"href":"https:\/\/www.radioamigavallenar.cl\/index.php?rest_route=\/wp\/v2\/posts\/27766","targetHints":{"allow":["GET"]}}],"collection":[{"href":"https:\/\/www.radioamigavallenar.cl\/index.php?rest_route=\/wp\/v2\/posts"}],"about":[{"href":"https:\/\/www.radioamigavallenar.cl\/index.php?rest_route=\/wp\/v2\/types\/post"}],"author":[{"embeddable":true,"href":"https:\/\/www.radioamigavallenar.cl\/index.php?rest_route=\/wp\/v2\/users\/2"}],"replies":[{"embeddable":true,"href":"https:\/\/www.radioamigavallenar.cl\/index.php?rest_route=%2Fwp%2Fv2%2Fcomments&post=27766"}],"version-history":[{"count":0,"href":"https:\/\/www.radioamigavallenar.cl\/index.php?rest_route=\/wp\/v2\/posts\/27766\/revisions"}],"wp:featuredmedia":[{"embeddable":true,"href":"https:\/\/www.radioamigavallenar.cl\/index.php?rest_route=\/wp\/v2\/media\/27767"}],"wp:attachment":[{"href":"https:\/\/www.radioamigavallenar.cl\/index.php?rest_route=%2Fwp%2Fv2%2Fmedia&parent=27766"}],"wp:term":[{"taxonomy":"category","embeddable":true,"href":"https:\/\/www.radioamigavallenar.cl\/index.php?rest_route=%2Fwp%2Fv2%2Fcategories&post=27766"},{"taxonomy":"post_tag","embeddable":true,"href":"https:\/\/www.radioamigavallenar.cl\/index.php?rest_route=%2Fwp%2Fv2%2Ftags&post=27766"}],"curies":[{"name":"wp","href":"https:\/\/api.w.org\/{rel}","templated":true}]}}