{"id":27763,"date":"2020-08-11T07:13:48","date_gmt":"2020-08-11T11:13:48","guid":{"rendered":"https:\/\/www.radioamigavallenar.cl\/?p=27763"},"modified":"2020-08-11T07:13:49","modified_gmt":"2020-08-11T11:13:49","slug":"cmp-inicia-operativo-de-examen-de-pcr-a-empresas-contratistas-de-caldera","status":"publish","type":"post","link":"https:\/\/www.radioamigavallenar.cl\/?p=27763","title":{"rendered":"CMP inicia operativo de examen de PCR a empresas contratistas de Caldera"},"content":{"rendered":"\n<div class=\"wp-block-image\"><figure class=\"aligncenter size-large\"><img loading=\"lazy\" decoding=\"async\" width=\"750\" height=\"400\" src=\"https:\/\/www.radioamigavallenar.cl\/wp-content\/uploads\/2020\/08\/Operativo-Caldera-cmp.jpg\" alt=\"\" class=\"wp-image-27764\" srcset=\"https:\/\/www.radioamigavallenar.cl\/wp-content\/uploads\/2020\/08\/Operativo-Caldera-cmp.jpg 750w, https:\/\/www.radioamigavallenar.cl\/wp-content\/uploads\/2020\/08\/Operativo-Caldera-cmp-300x160.jpg 300w\" sizes=\"auto, (max-width: 750px) 100vw, 750px\" \/><\/figure><\/div>\n\n\n\n<p><strong>Con personal m\u00e9dico tra\u00eddo desde Santiago en un vuelo particular y un equipo regional, se espera llegar a m\u00e1s de 300 ex\u00e1menes en los dos d\u00edas de muestreo.<\/strong><\/p>\n\n\n\n<p>A trav\u00e9s de un operativo m\u00e9dico realizado este domingo, Compa\u00f1\u00eda Minera del Pac\u00edfico inici\u00f3 la toma de muestra de PCR a todos los trabajadores y trabajadoras de sus empresas contratistas de la comuna de Caldera.<\/p>\n\n\n\n<p>La medida fue tomada por la compa\u00f1\u00eda para apoyar los esfuerzos regionales y realizar las muestras desde la misma empresa. Adem\u00e1s, se busca obtener resultados m\u00e1s r\u00e1pido para el cuidado y tranquilidad de los trabajadores, las autoridades y la comunidad en general.<\/p>\n\n\n\n<p>Cabe destacar que desde inicios de la pandemia en marzo pasado, CMP ha tomado estrictas medidas para prevenir y controlar el contagio tanto de su personal propio como de colaboradores. Entre ellas, destaca el trabajo por c\u00e9lulas, con el cual se ha logrado tener un control de contactos estrechos y trazabilidad de los equipos cuando existen sospechas o casos positivos. Otras de las disposiciones a destacar son el cuestionario preventivo diario de ingreso, toma de kits r\u00e1pidos aleatorios a trabajadores, estandarizaci\u00f3n de mascarillas KN95 o N95, cierre de cafeter\u00edas y espacios comunes, aumento en la frecuencia de sanitizaci\u00f3n, entregas de kits de desinfecci\u00f3n individuales, prohibici\u00f3n de reuniones presenciales, demarcaci\u00f3n de espacios para mantener la distancia f\u00edsica y modalidad de teletrabajo, entre otras.<\/p>\n\n\n\n<p>Para el gerente de sustentabilidad de CMP, Patrick Mc Nab, esta decisi\u00f3n de la empresa \u201cva en la l\u00ednea de los controles y mitigaciones que desarrollamos cuando identificamos alg\u00fan riesgo para los trabajadores y trabajadoras. Nuestros vecinos de Caldera pueden tener la certeza de que la compa\u00f1\u00eda est\u00e1 adoptando rigurosamente todas las medidas necesarias para evitar la propagaci\u00f3n del virus, adem\u00e1s de controlar todos los procesos que ocurren tanto dentro como fuera de sus instalaciones\u201d.<\/p>\n\n\n\n<p>Por su parte, el Seremi de miner\u00eda, Cristian Alvayai, se\u00f1al\u00f3 que \u201cvaloramos todos los esfuerzos que est\u00e1 realizando CMP por cuidar a sus trabajadores. El poder realizar ex\u00e1menes PCR a la dotaci\u00f3n completa de sus empresas colaboradoras en Caldera, significa dar una fuerte se\u00f1al respecto a que existen las medidas y las disposiciones dentro de las compa\u00f1\u00edas, para dar cumplimiento de manera eficaz y tambi\u00e9n proactiva a lo indicado por la autoridad sanitaria\u201d.<\/p>\n\n\n\n<p>El operativo, que se coordin\u00f3 en conjunto con las mutualidades respectivas, se ejecut\u00f3 con personal m\u00e9dico tra\u00eddo desde Santiago en avi\u00f3n particular contratado por CMP, quienes realizaron m\u00e1s de 200 ex\u00e1menes en la primera jornada en los hoteles y residencias donde se hospedan los colaboradores. Es importante mencionar que CMP, a trav\u00e9s de las empresas mandantes, ha ordenado a todas y todos los que se tomaron la muestra, que permanezcan aislados en estos lugares hasta tener los resultados dentro de los pr\u00f3ximos d\u00edas.<\/p>\n\n\n\n<p>La iniciativa continua este lunes con un equipo m\u00e9dico regional, quienes tomar\u00e1n el testeo al personal restante, con los cuales CMP espera llegar a la cobertura total de ex\u00e1menes.<\/p>\n","protected":false},"excerpt":{"rendered":"<p>Con personal m\u00e9dico tra\u00eddo desde Santiago en un vuelo particular y un equipo regional, se espera llegar a m\u00e1s de 300 ex\u00e1menes en los dos&hellip; <\/p>\n","protected":false},"author":2,"featured_media":27764,"comment_status":"open","ping_status":"closed","sticky":false,"template":"","format":"standard","meta":{"footnotes":""},"categories":[7,34],"tags":[],"class_list":["post-27763","post","type-post","status-publish","format-standard","has-post-thumbnail","hentry","category-atacama","category-mineria"],"_links":{"self":[{"href":"https:\/\/www.radioamigavallenar.cl\/index.php?rest_route=\/wp\/v2\/posts\/27763","targetHints":{"allow":["GET"]}}],"collection":[{"href":"https:\/\/www.radioamigavallenar.cl\/index.php?rest_route=\/wp\/v2\/posts"}],"about":[{"href":"https:\/\/www.radioamigavallenar.cl\/index.php?rest_route=\/wp\/v2\/types\/post"}],"author":[{"embeddable":true,"href":"https:\/\/www.radioamigavallenar.cl\/index.php?rest_route=\/wp\/v2\/users\/2"}],"replies":[{"embeddable":true,"href":"https:\/\/www.radioamigavallenar.cl\/index.php?rest_route=%2Fwp%2Fv2%2Fcomments&post=27763"}],"version-history":[{"count":0,"href":"https:\/\/www.radioamigavallenar.cl\/index.php?rest_route=\/wp\/v2\/posts\/27763\/revisions"}],"wp:featuredmedia":[{"embeddable":true,"href":"https:\/\/www.radioamigavallenar.cl\/index.php?rest_route=\/wp\/v2\/media\/27764"}],"wp:attachment":[{"href":"https:\/\/www.radioamigavallenar.cl\/index.php?rest_route=%2Fwp%2Fv2%2Fmedia&parent=27763"}],"wp:term":[{"taxonomy":"category","embeddable":true,"href":"https:\/\/www.radioamigavallenar.cl\/index.php?rest_route=%2Fwp%2Fv2%2Fcategories&post=27763"},{"taxonomy":"post_tag","embeddable":true,"href":"https:\/\/www.radioamigavallenar.cl\/index.php?rest_route=%2Fwp%2Fv2%2Ftags&post=27763"}],"curies":[{"name":"wp","href":"https:\/\/api.w.org\/{rel}","templated":true}]}}