{"id":27760,"date":"2020-08-11T07:11:50","date_gmt":"2020-08-11T11:11:50","guid":{"rendered":"https:\/\/www.radioamigavallenar.cl\/?p=27760"},"modified":"2020-08-11T07:11:51","modified_gmt":"2020-08-11T11:11:51","slug":"familias-de-vallenar-y-freirina-aprendieron-a-dar-un-mejor-uso-a-la-energia-en-sus-hogares","status":"publish","type":"post","link":"https:\/\/www.radioamigavallenar.cl\/?p=27760","title":{"rendered":"Familias de Vallenar y Freirina aprendieron a dar un mejor uso a la energ\u00eda en sus hogares"},"content":{"rendered":"\n<div class=\"wp-block-image\"><figure class=\"aligncenter size-large\"><img loading=\"lazy\" decoding=\"async\" width=\"1021\" height=\"597\" src=\"https:\/\/www.radioamigavallenar.cl\/wp-content\/uploads\/2020\/08\/Taller-CBE-Vallenar-agosto.jpg\" alt=\"\" class=\"wp-image-27761\" srcset=\"https:\/\/www.radioamigavallenar.cl\/wp-content\/uploads\/2020\/08\/Taller-CBE-Vallenar-agosto.jpg 1021w, https:\/\/www.radioamigavallenar.cl\/wp-content\/uploads\/2020\/08\/Taller-CBE-Vallenar-agosto-300x175.jpg 300w, https:\/\/www.radioamigavallenar.cl\/wp-content\/uploads\/2020\/08\/Taller-CBE-Vallenar-agosto-768x449.jpg 768w\" sizes=\"auto, (max-width: 1021px) 100vw, 1021px\" \/><\/figure><\/div>\n\n\n\n<p><strong>En el marco del taller del Programa Con Buena Energ\u00eda, a los beneficiarios se les har\u00e1 entrega de un kit de ahorro consistente en tres ampolletas LED, un alargador con interruptor, un magneto informativo y una bolsa ecol\u00f3gica reutilizable, en sus mismos hogares, dentro de las pr\u00f3ximas semanas, en atenci\u00f3n a la emergencia sanitaria.<\/strong><\/p>\n\n\n\n<p>M\u00e1s de 40 personas Vallenar y Freirina aprendieron a dar un mejor uso a la energ\u00eda en sus hogares, en una capacitaci\u00f3n en l\u00ednea \u2013 en atenci\u00f3n a la emergencia sanitaria -, implementada en el marco de los talleres del Programa Con Buena Energ\u00eda y liderada por la seremi de Energ\u00eda Atacama, Kim-Fa Bondi.<\/p>\n\n\n\n<p>Durante la actividad \u2013 desarrollada gracias a la coordinaci\u00f3n entre la Seremi de Energ\u00eda Atacama y la Gobernaci\u00f3n Provincial de Huasco \u2013 se entregaron consejos respecto a la eficiencia energ\u00e9tica \u00fatiles y f\u00e1ciles de implementar al interior de los hogares, que permiten generar ahorros en la econom\u00eda familiar y aportar en el cuidado del planeta, sin renunciar a la calidad de vida ni disminuir la productividad; tambi\u00e9n, se explic\u00f3 la importancia de fijarse en el etiquetado de los productos el\u00e9ctricos, prefiriendo aquellos marcados con la letra A; se aclararon dudas sobre la lectura de las boletas de la cuenta de la electricidad; se difundi\u00f3 el beneficio en el pago de las cuentas b\u00e1sicas, especialmente, de la luz mientras dure la emergencia; y adem\u00e1s, se recordaron las principales medidas de prevenci\u00f3n frente al Covid-19.<\/p>\n\n\n\n<p>\u201cMuchas gracias por estar presentes hoy, de una manera diferente, por la pandemia no podemos hacer la capacitaci\u00f3n presencialmente, que es la forma habitual en que desarrollamos nuestro programa, pero la tecnolog\u00eda hoy nos permite estar con ustedes a trav\u00e9s de esta capacitaci\u00f3n on line\u201d, parti\u00f3 se\u00f1alando la seremi Bondi, agregando: \u201ca trav\u00e9s de estos talleres, lo que buscamos es los asistentes pongan en pr\u00e1ctica los consejos sobre el cuidado de la energ\u00eda y las herramientas entregadas respecto a la eficiencia energ\u00e9tica, sean integradas como parte de la vida cotidiana de las familias y as\u00ed generar una cultura del buen uso de la energ\u00eda, tal como se plantea en nuestra Ruta Energ\u00e9tica, impulsada por el Presidente Sebasti\u00e1n Pi\u00f1era\u201d, sostuvo la autoridad.<\/p>\n\n\n\n<p>Lo anterior, seg\u00fan explic\u00f3 la secretaria regional de Energ\u00eda, es clave \u201cya que, parte importante del \u00e9xito de la pol\u00edtica p\u00fablica que se intenta promover en materia de eficiencia energ\u00e9tica requiere de un cambio cultural, donde la ciudadan\u00eda se comprometa a realizar cambios en su comportamiento, reduciendo el consumo energ\u00e9tico y haciendo un uso m\u00e1s eficiente de la energ\u00eda. Para ello, desde el 2010, nuestro ministerio viene implementado programas para acelerar la transici\u00f3n al recambio tecnol\u00f3gico hacia artefactos eficientes para el sector residencial, en el contexto del establecimiento de est\u00e1ndares m\u00ednimos de eficiencia energ\u00e9tica\u201d.<\/p>\n\n\n\n<p>Cabe se\u00f1alar que, el programa Con Buena Energ\u00eda, en su versi\u00f3n residencial, junto con transferir conocimientos sobre el buen uso de la energ\u00eda a las familias chilenas, entrega al finalizar los talleres un kit eficiente compuesto \u2013 en la zona norte \u2013 por tres ampolletas LED; un alargador con interruptor; un magneto informativo y una bolsa ecol\u00f3gica reutilizable. Sin embargo, por la contingencia sanitaria, estos kit se entregar\u00e1n dentro de los pr\u00f3ximos d\u00edas en los propios hogares de las y los beneficiados.<\/p>\n","protected":false},"excerpt":{"rendered":"<p>En el marco del taller del Programa Con Buena Energ\u00eda, a los beneficiarios se les har\u00e1 entrega de un kit de ahorro consistente en tres&hellip; <\/p>\n","protected":false},"author":2,"featured_media":27761,"comment_status":"open","ping_status":"closed","sticky":false,"template":"","format":"standard","meta":{"footnotes":""},"categories":[3,1,2],"tags":[],"class_list":["post-27760","post","type-post","status-publish","format-standard","has-post-thumbnail","hentry","category-freirina","category-provincia-del-huasco-2","category-vallenar"],"_links":{"self":[{"href":"https:\/\/www.radioamigavallenar.cl\/index.php?rest_route=\/wp\/v2\/posts\/27760","targetHints":{"allow":["GET"]}}],"collection":[{"href":"https:\/\/www.radioamigavallenar.cl\/index.php?rest_route=\/wp\/v2\/posts"}],"about":[{"href":"https:\/\/www.radioamigavallenar.cl\/index.php?rest_route=\/wp\/v2\/types\/post"}],"author":[{"embeddable":true,"href":"https:\/\/www.radioamigavallenar.cl\/index.php?rest_route=\/wp\/v2\/users\/2"}],"replies":[{"embeddable":true,"href":"https:\/\/www.radioamigavallenar.cl\/index.php?rest_route=%2Fwp%2Fv2%2Fcomments&post=27760"}],"version-history":[{"count":0,"href":"https:\/\/www.radioamigavallenar.cl\/index.php?rest_route=\/wp\/v2\/posts\/27760\/revisions"}],"wp:featuredmedia":[{"embeddable":true,"href":"https:\/\/www.radioamigavallenar.cl\/index.php?rest_route=\/wp\/v2\/media\/27761"}],"wp:attachment":[{"href":"https:\/\/www.radioamigavallenar.cl\/index.php?rest_route=%2Fwp%2Fv2%2Fmedia&parent=27760"}],"wp:term":[{"taxonomy":"category","embeddable":true,"href":"https:\/\/www.radioamigavallenar.cl\/index.php?rest_route=%2Fwp%2Fv2%2Fcategories&post=27760"},{"taxonomy":"post_tag","embeddable":true,"href":"https:\/\/www.radioamigavallenar.cl\/index.php?rest_route=%2Fwp%2Fv2%2Ftags&post=27760"}],"curies":[{"name":"wp","href":"https:\/\/api.w.org\/{rel}","templated":true}]}}