{"id":27757,"date":"2020-08-11T07:10:29","date_gmt":"2020-08-11T11:10:29","guid":{"rendered":"https:\/\/www.radioamigavallenar.cl\/?p=27757"},"modified":"2020-08-11T07:10:30","modified_gmt":"2020-08-11T11:10:30","slug":"cuarentena-mas-de-70-personas-han-sido-detenidas-en-copiapo-por-no-contar-con-el-permiso-correspondiente","status":"publish","type":"post","link":"https:\/\/www.radioamigavallenar.cl\/?p=27757","title":{"rendered":"Cuarentena: M\u00e1s de 70 personas han sido detenidas en Copiap\u00f3 por no contar con el permiso correspondiente"},"content":{"rendered":"\n<div class=\"wp-block-image\"><figure class=\"aligncenter size-large\"><img loading=\"lazy\" decoding=\"async\" width=\"1024\" height=\"683\" src=\"https:\/\/www.radioamigavallenar.cl\/wp-content\/uploads\/2020\/08\/10.08.2020-1024x683.jpeg\" alt=\"\" class=\"wp-image-27758\" srcset=\"https:\/\/www.radioamigavallenar.cl\/wp-content\/uploads\/2020\/08\/10.08.2020-1024x683.jpeg 1024w, https:\/\/www.radioamigavallenar.cl\/wp-content\/uploads\/2020\/08\/10.08.2020-300x200.jpeg 300w, https:\/\/www.radioamigavallenar.cl\/wp-content\/uploads\/2020\/08\/10.08.2020-768x512.jpeg 768w, https:\/\/www.radioamigavallenar.cl\/wp-content\/uploads\/2020\/08\/10.08.2020.jpeg 1280w\" sizes=\"auto, (max-width: 1024px) 100vw, 1024px\" \/><\/figure><\/div>\n\n\n\n<p>El Intendente Urquieta se refiri\u00f3 a la cuarentena que comenz\u00f3 desde ayer en la comuna de Tierra Amarilla que \u201cproh\u00edbe la libre circulaci\u00f3n de las personas por todo el territorio, y supone que cada persona que tenga que trasladarse solo lo pueda hacer con un permiso entregado por la autoridad. Los permisos se tramitan a trav\u00e9s de Comisar\u00eda Virtual y las formas de obtener este permiso est\u00e1n vinculadas a dos caminos: uno por clave \u00fanica u otro, que es a trav\u00e9s del registro en esa p\u00e1gina solo con la entrega de los datos de la c\u00e9dula de identidad, sin necesidad de que se concurra a alguna oficina sea de Carabineros o de alg\u00fan servicio p\u00fablico\u201d.<\/p>\n\n\n\n<p>Urquieta tambi\u00e9n hizo un llamado a la comunidad a \u201ccomprometerse con el cumplimiento de las disposiciones sanitarias, de las recomendaciones en prevenci\u00f3n de contagios por parte del Ministerio de Salud, y asumir con mucha responsabilidad que esta es una tarea conjunta entre las autoridades, todos los funcionarios p\u00fablicos, y quiero agradecer a los funcionarios de la salud que han hecho un especial esfuerzo frente&nbsp; esta pandemia que ha permitido que en Atacama todas las personas reciban la atenci\u00f3n de salud que necesitan, y sobre todo, que estos son momentos en los que la solidaridad tiene que predominar en todo el conjunto social para que podamos enfrentar este desaf\u00edo juntos\u201d.<\/p>\n\n\n\n<p>Por su parte, el Seremi de Salud, Basti\u00e1n Hermosilla, dijo que \u201cqueremos reiterar la responsabilidad del buen uso de los permisos en esta cuarentena, cada persona que sale de la puerta de su casa, debe sacar un permiso, el cual le permite desplazarse, pero debemos ser responsables y salir para lo estrictamente necesario, as\u00ed todos aportamos a bajar el nivel de contagio\u201d.<\/p>\n\n\n\n<p>El Jefe de Defensa Nacional, General Enrique Heyermann, inform\u00f3 que \u201ccon respecto al toque de queda durante el fin de semana hubo 83 detenidos, de los cuales 80 pasaron a control de detenci\u00f3n, llegando a un total acumulado de fiscalizaciones de 20.829 personas y detenidas 4.336 personas, con respecto a la actividad de control que se efectu\u00f3 a los desplazamientos a segundas viviendas durante el fin de semana, se realiz\u00f3 una fiscalizaci\u00f3n a las personas llegando a un total de 2.429 personas fiscalizadas, llegando a un acumulado de 132.865 personas. Con respecto a la cuarentena y medidas de control, se controlaron en el per\u00edmetro tanto para el ingreso como a la salida de la comuna un total de 21.857 personas, siendo una de ellas detenida por no llevar el permiso correspondiente, llegando a un acumulado de 99.133 personas con 26 personas detenidas. Con respecto a los controles de supermercados y centros de distribuci\u00f3n se controlaron a 2.734 personas de las cuales fueron 14 personas detenidas llegando a 22 personas de incumplimiento en lo que llevamos de cuarentena, y tambi\u00e9n se efectuaron controles en lugares c\u00e9ntricos siendo un total de 6.750 personas controladas con 40 de ellas detenidas que han incumplido el tr\u00e1mite correspondiente\u201d.<\/p>\n\n\n\n<p>En tanto, el Director del Servicio de Salud, Claudio Baeza, se\u00f1al\u00f3 que \u201cquiero sumarme al reconocimiento que hizo nuestro Ministro de Salud, Enrique Paris, al trabajo que se est\u00e1 desarrollando en la regi\u00f3n en materia de testeo. Somos unas de las regiones con m\u00e1s testeos a nivel nacional y que nos deja incluso con est\u00e1ndares superiores a otros pa\u00edses desarrollados. Esto implica un esfuerzo, dedicaci\u00f3n y compromiso desde los funcionarios de la salud desde la Atenci\u00f3n Primaria a los hospitales de nuestra Red Asistencial. Poder diagnosticar de manera r\u00e1pida y aislar a los pacientes que est\u00e1n desarrollando la enfermedad es uno de nuestros principales objetivos para poder controlar la pandemia en Atacama\u201d.<\/p>\n","protected":false},"excerpt":{"rendered":"<p>El Intendente Urquieta se refiri\u00f3 a la cuarentena que comenz\u00f3 desde ayer en la comuna de Tierra Amarilla que \u201cproh\u00edbe la libre circulaci\u00f3n de las&hellip; <\/p>\n","protected":false},"author":2,"featured_media":27758,"comment_status":"open","ping_status":"closed","sticky":false,"template":"","format":"standard","meta":{"footnotes":""},"categories":[7],"tags":[],"class_list":["post-27757","post","type-post","status-publish","format-standard","has-post-thumbnail","hentry","category-atacama"],"_links":{"self":[{"href":"https:\/\/www.radioamigavallenar.cl\/index.php?rest_route=\/wp\/v2\/posts\/27757","targetHints":{"allow":["GET"]}}],"collection":[{"href":"https:\/\/www.radioamigavallenar.cl\/index.php?rest_route=\/wp\/v2\/posts"}],"about":[{"href":"https:\/\/www.radioamigavallenar.cl\/index.php?rest_route=\/wp\/v2\/types\/post"}],"author":[{"embeddable":true,"href":"https:\/\/www.radioamigavallenar.cl\/index.php?rest_route=\/wp\/v2\/users\/2"}],"replies":[{"embeddable":true,"href":"https:\/\/www.radioamigavallenar.cl\/index.php?rest_route=%2Fwp%2Fv2%2Fcomments&post=27757"}],"version-history":[{"count":0,"href":"https:\/\/www.radioamigavallenar.cl\/index.php?rest_route=\/wp\/v2\/posts\/27757\/revisions"}],"wp:featuredmedia":[{"embeddable":true,"href":"https:\/\/www.radioamigavallenar.cl\/index.php?rest_route=\/wp\/v2\/media\/27758"}],"wp:attachment":[{"href":"https:\/\/www.radioamigavallenar.cl\/index.php?rest_route=%2Fwp%2Fv2%2Fmedia&parent=27757"}],"wp:term":[{"taxonomy":"category","embeddable":true,"href":"https:\/\/www.radioamigavallenar.cl\/index.php?rest_route=%2Fwp%2Fv2%2Fcategories&post=27757"},{"taxonomy":"post_tag","embeddable":true,"href":"https:\/\/www.radioamigavallenar.cl\/index.php?rest_route=%2Fwp%2Fv2%2Ftags&post=27757"}],"curies":[{"name":"wp","href":"https:\/\/api.w.org\/{rel}","templated":true}]}}