{"id":27754,"date":"2020-08-11T07:08:29","date_gmt":"2020-08-11T11:08:29","guid":{"rendered":"https:\/\/www.radioamigavallenar.cl\/?p=27754"},"modified":"2020-08-11T07:08:29","modified_gmt":"2020-08-11T11:08:29","slug":"fiscalia-confirma-que-solicitara-equipo-de-busqueda-en-caso-de-desaparicion-de-catalina-alvarez","status":"publish","type":"post","link":"https:\/\/www.radioamigavallenar.cl\/?p=27754","title":{"rendered":"Fiscal\u00eda confirma que solicitar\u00e1 equipo de b\u00fasqueda en caso de desaparici\u00f3n de Catalina \u00c1lvarez"},"content":{"rendered":"\n<div class=\"wp-block-image\"><figure class=\"aligncenter size-large\"><img loading=\"lazy\" decoding=\"async\" width=\"1024\" height=\"683\" src=\"https:\/\/www.radioamigavallenar.cl\/wp-content\/uploads\/2020\/08\/IMG_0454-2048x1365-1-1024x683.jpg\" alt=\"\" class=\"wp-image-27755\" srcset=\"https:\/\/www.radioamigavallenar.cl\/wp-content\/uploads\/2020\/08\/IMG_0454-2048x1365-1-1024x683.jpg 1024w, https:\/\/www.radioamigavallenar.cl\/wp-content\/uploads\/2020\/08\/IMG_0454-2048x1365-1-300x200.jpg 300w, https:\/\/www.radioamigavallenar.cl\/wp-content\/uploads\/2020\/08\/IMG_0454-2048x1365-1-768x512.jpg 768w, https:\/\/www.radioamigavallenar.cl\/wp-content\/uploads\/2020\/08\/IMG_0454-2048x1365-1-1536x1024.jpg 1536w, https:\/\/www.radioamigavallenar.cl\/wp-content\/uploads\/2020\/08\/IMG_0454-2048x1365-1.jpg 2048w\" sizes=\"auto, (max-width: 1024px) 100vw, 1024px\" \/><\/figure><\/div>\n\n\n\n<p><strong>Fiscal jefe de Copiap\u00f3, Christian Gonz\u00e1lez Carriel, indic\u00f3 que pese a la situaci\u00f3n de pandemia, trabajar\u00e1n en la forma de concretar nuevos operativos. Para ello, inform\u00f3 que pedir\u00e1 una ampliaci\u00f3n en el plazo de la investigaci\u00f3n.<\/strong><\/p>\n\n\n\n<p>La Fiscal\u00eda de Atacama confirm\u00f3 que respecto del caso de la desaparici\u00f3n de Catalina Alvarez en Copiap\u00f3, se solicitar\u00e1 una ampliaci\u00f3n en el plazo actual de investigaci\u00f3n. Periodo en que se buscar\u00e1 la manera de realizar nuevas jornadas de b\u00fasqueda, a pesar de la actual situaci\u00f3n de pandemia y cuarentena que vive la comuna.<\/p>\n\n\n\n<p>Respecto de esto el fiscal jefe de Copiap\u00f3, Christian Gonz\u00e1lez Carriel, indic\u00f3 que el Ministerio P\u00fablico ha logrado reunir importantes medios de prueba que involucran al imputado Hugo Pasten como el autor de los tres hechos por los que fue formalizado y por los cuales se mantiene desde el a\u00f1o pasado en prisi\u00f3n preventiva. \u201cEste es un antecedente que se debe tener presente, los tres hechos est\u00e1n vinculados y son por los que la Fiscal\u00eda acusar\u00e1 y buscar\u00e1 las mayores sanciones penales en una audiencia de Juicio Oral a partir de la prueba cient\u00edfica, pericias sicol\u00f3gicas y otras de una alta complejidad que se han llevado a cabo\u201d, dijo el fiscal.<\/p>\n\n\n\n<p>Respecto de la causa cuya v\u00edctima es Catalina Alvarez, Gonz\u00e1lez indic\u00f3 que este jueves se realizar\u00e1 una audiencia en que la Fiscal\u00eda solicitar\u00e1 la ampliaci\u00f3n del plazo de la investigaci\u00f3n en un periodo de seis meses. Tiempo en que se espera centrar el trabajo para dar con el paradero de la adolescente con la finalidad de poder acreditar con mayor claridad que hubo, de parte del imputado, una sustracci\u00f3n de una menor de edad con resultado de muerte.<\/p>\n\n\n\n<p>Gonz\u00e1lez agreg\u00f3 que en el caso que el Tribunal acceda a la solicitud, esto permitir\u00e1 a la Fiscal\u00eda mejorar a\u00fan m\u00e1s la calidad de la prueba con la que ya cuenta adem\u00e1s de poder solicitar un nuevo equipo de b\u00fasqueda a personal de la PDI. Teniendo en la actualidad un poco m\u00e1s de informaci\u00f3n respecto del Covid 19 y las medidas de prevenci\u00f3n que es posible tomar para evitar contagios. Existiendo s\u00ed el inconveniente que no hay un permiso que faculte a romper la cuarentena para la b\u00fasqueda de personas, cuesti\u00f3n que se tendr\u00e1 que evaluar. \u201cComo instituci\u00f3n y de acuerdo a las instrucciones del Fiscal Regional de Atacama estamos absolutamente comprometidos para agotar todas las herramientas que est\u00e9n disponibles para retomar la b\u00fasqueda, quiz\u00e1s con grupos m\u00e1s acotados y con las autorizaciones respectivas de parte de la autoridad sanitaria\u201d, indic\u00f3.<\/p>\n\n\n\n<p>Finalmente, en relaci\u00f3n a los posibles lugares de b\u00fasqueda, Christian Gonz\u00e1lez manifest\u00f3 que hay sospechas fundadas que el imputado cambi\u00f3 de lugar el cuerpo de la v\u00edctima d\u00edas posteriores al 23 de junio del a\u00f1o pasado. Cuesti\u00f3n que obliga a generar una nueva geolocalizaci\u00f3n de los movimientos del detenido, tarea compleja que ha involucrado meses de pericias tecnol\u00f3gicas.<\/p>\n","protected":false},"excerpt":{"rendered":"<p>Fiscal jefe de Copiap\u00f3, Christian Gonz\u00e1lez Carriel, indic\u00f3 que pese a la situaci\u00f3n de pandemia, trabajar\u00e1n en la forma de concretar nuevos operativos. Para ello,&hellip; <\/p>\n","protected":false},"author":2,"featured_media":27755,"comment_status":"open","ping_status":"closed","sticky":false,"template":"","format":"standard","meta":{"footnotes":""},"categories":[7,6],"tags":[],"class_list":["post-27754","post","type-post","status-publish","format-standard","has-post-thumbnail","hentry","category-atacama","category-policial"],"_links":{"self":[{"href":"https:\/\/www.radioamigavallenar.cl\/index.php?rest_route=\/wp\/v2\/posts\/27754","targetHints":{"allow":["GET"]}}],"collection":[{"href":"https:\/\/www.radioamigavallenar.cl\/index.php?rest_route=\/wp\/v2\/posts"}],"about":[{"href":"https:\/\/www.radioamigavallenar.cl\/index.php?rest_route=\/wp\/v2\/types\/post"}],"author":[{"embeddable":true,"href":"https:\/\/www.radioamigavallenar.cl\/index.php?rest_route=\/wp\/v2\/users\/2"}],"replies":[{"embeddable":true,"href":"https:\/\/www.radioamigavallenar.cl\/index.php?rest_route=%2Fwp%2Fv2%2Fcomments&post=27754"}],"version-history":[{"count":0,"href":"https:\/\/www.radioamigavallenar.cl\/index.php?rest_route=\/wp\/v2\/posts\/27754\/revisions"}],"wp:featuredmedia":[{"embeddable":true,"href":"https:\/\/www.radioamigavallenar.cl\/index.php?rest_route=\/wp\/v2\/media\/27755"}],"wp:attachment":[{"href":"https:\/\/www.radioamigavallenar.cl\/index.php?rest_route=%2Fwp%2Fv2%2Fmedia&parent=27754"}],"wp:term":[{"taxonomy":"category","embeddable":true,"href":"https:\/\/www.radioamigavallenar.cl\/index.php?rest_route=%2Fwp%2Fv2%2Fcategories&post=27754"},{"taxonomy":"post_tag","embeddable":true,"href":"https:\/\/www.radioamigavallenar.cl\/index.php?rest_route=%2Fwp%2Fv2%2Ftags&post=27754"}],"curies":[{"name":"wp","href":"https:\/\/api.w.org\/{rel}","templated":true}]}}