{"id":27750,"date":"2020-08-11T07:06:32","date_gmt":"2020-08-11T11:06:32","guid":{"rendered":"https:\/\/www.radioamigavallenar.cl\/?p=27750"},"modified":"2020-08-11T07:06:33","modified_gmt":"2020-08-11T11:06:33","slug":"autoridades-destacan-la-agilizacion-en-la-atencion-de-publico-de-ips-gracias-a-la-donacion-de-tablets","status":"publish","type":"post","link":"https:\/\/www.radioamigavallenar.cl\/?p=27750","title":{"rendered":"Autoridades destacan la agilizaci\u00f3n en la atenci\u00f3n de p\u00fablico de IPS gracias a la donaci\u00f3n de Tablets"},"content":{"rendered":"\n<div class=\"wp-block-image\"><figure class=\"aligncenter size-large\"><img loading=\"lazy\" decoding=\"async\" width=\"680\" height=\"510\" src=\"https:\/\/www.radioamigavallenar.cl\/wp-content\/uploads\/2020\/08\/EcV3sExXsAUrkEL.jpg\" alt=\"\" class=\"wp-image-27752\" srcset=\"https:\/\/www.radioamigavallenar.cl\/wp-content\/uploads\/2020\/08\/EcV3sExXsAUrkEL.jpg 680w, https:\/\/www.radioamigavallenar.cl\/wp-content\/uploads\/2020\/08\/EcV3sExXsAUrkEL-300x225.jpg 300w\" sizes=\"auto, (max-width: 680px) 100vw, 680px\" \/><\/figure><\/div>\n\n\n\n<p><strong>Las autoridades explicaron que este proceso entrega la posibilidad de realizar atenci\u00f3n en fila lo que reduce las aglomeraciones y las posibilidades de contagio por covid 19<\/strong><\/p>\n\n\n\n<p>El Seremi del Trabajo y Previsi\u00f3n Social, Carlos Leal Varas junto con la Gobernadora Provincial de Copiap\u00f3, Paulina Bassaure y la Seremi de Energ\u00eda Kim Fa Bondi valoran los efectos positivos que ha tra\u00eddo para la atenci\u00f3n de p\u00fablico la donaci\u00f3n de 5 tablets realizada durante estas semanas por parte de la empresa Engier Energ\u00eda Chile, los que vienen a agilizar la atenci\u00f3n de p\u00fablico y de esta forma disminuir las probabilidades de contagio por Covid-19.<\/p>\n\n\n\n<p>La Gobernadora de la provincia de Copiap\u00f3 Paulina Bassaure, se\u00f1al\u00f3 por su parte que \u00abest\u00e1s acciones de colaboratividad p\u00fablico-privada, como la donaci\u00f3n de tablets permiten apoyar el acceso de la comunidad a las distintas plataformas para tramitar los beneficios que hoy se encuentran disponibles en la importante red de protecci\u00f3n social que ha dispuesto el Gobierno del Presidente Sebasti\u00e1n Pi\u00f1era. As\u00ed mismo, destacar el trabajo que desarrolla el Instituto de Previsi\u00f3n Social como parte de la Serem\u00eda del Trabajo y Previsi\u00f3n Social de Atacama, facilitando la tramitaci\u00f3n de los accesos a esta red de beneficios, y con ello seguir entregando apoyo a los usuarios de la provincia de Copiap\u00f3 en la situaci\u00f3n actual de cuarentena\u00bb.<\/p>\n\n\n\n<p>Por su parte el Seremi Carlos Leal se\u00f1al\u00f3 que \u201cla labor de IPS- ChileAtiende. hoy en d\u00eda es fundamental, sobre todo en tiempos de pandemia, donde es el Servicio P\u00fablico que canaliza los pagos de los beneficios entregados a trav\u00e9s de los subsidios o bonos que el Presidente Pi\u00f1era ha creado en este periodo de pandemia y que va en ayuda de millones de chilenos y chilenas.\u201d<\/p>\n\n\n\n<p>La autoridad recalc\u00f3 que \u201ces por esto que es importante poder generar acciones que vayan dirigidas a no generar aglomeraciones de p\u00fablico y as\u00ed tender a disminuir las posibilidades de un foco de contagio. En raz\u00f3n de esta situaci\u00f3n la empresa de energ\u00eda Engier don\u00f3 cinco tablets para poder hacer atenci\u00f3n de usuarios en fila, lo que provoca un tiempo de atenci\u00f3n de espera menor y, adem\u00e1s, podemos acercar el servicio a los usuarios, por ejemplo, estuvimos en la 2\u00b0 Comisaria de Copiap\u00f3 y en Tierra Amarilla entregando Claves \u00danicas donde se atendi\u00f3 a cerca de mil personas en total.\u201d<\/p>\n\n\n\n<p>Cabe destacar que, IPS.-ChileAtiende es el servicio encargado de otorgar la Clave \u00danica a sus usuarios la cual hoy ha cobrado protagonismo por ser el requerimiento para realizar cientos de tr\u00e1mites de manera 100% online, lo que facilita el llamado que constantemente ha hecho el Gobierno \u201cquedarse en casa\u201d<\/p>\n\n\n\n<p>Al respecto, la seremi de Energ\u00eda, Kim-FA Bondi se\u00f1al\u00f3 que: \u00abAgradecemos el aporte que ha realizado la empresa Engier Energ\u00eda Chile al Instituto de Previsi\u00f3n Social, IPS, toda vez que estas 5 tablets han servido, como ha quedado en evidencia, para disminuir los tiempos de espera en la fila y tambi\u00e9n, algo muy importante, otorgar una atenci\u00f3n m\u00e1s r\u00e1pida y m\u00e1s expedita, teniendo siempre presente el lema que hoy d\u00eda nos impera a todos nosotros que es: \u00a1Cuid\u00e9monos entre todos!\u00bb.<\/p>\n\n\n\n<p>Desde IPS-ChileAtiende, su Director (s) Roberto D\u00edaz Lastarr\u00edas explic\u00f3 que \u201cesto ha servido para aumentar la cantidad de personas que el servicio atiende por d\u00eda lo que ha sido fundamental en estos momentos que debemos apoyarnos entre todos para entregar todas las herramientas para que las personas se queden en sus hogares y as\u00ed evitar la propagaci\u00f3n del coronavirus. Solo como ejemplo, en Tierra Amarilla el d\u00eda viernes gracias a los Tablet entregamos 310 personas, el d\u00eda jueves 381 personas y el d\u00eda mi\u00e9rcoles en la 2\u00b0Comisaria de carabineros 299 personas.\u201d<\/p>\n","protected":false},"excerpt":{"rendered":"<p>Las autoridades explicaron que este proceso entrega la posibilidad de realizar atenci\u00f3n en fila lo que reduce las aglomeraciones y las posibilidades de contagio por&hellip; <\/p>\n","protected":false},"author":2,"featured_media":27752,"comment_status":"open","ping_status":"closed","sticky":false,"template":"","format":"standard","meta":{"footnotes":""},"categories":[7],"tags":[],"class_list":["post-27750","post","type-post","status-publish","format-standard","has-post-thumbnail","hentry","category-atacama"],"_links":{"self":[{"href":"https:\/\/www.radioamigavallenar.cl\/index.php?rest_route=\/wp\/v2\/posts\/27750","targetHints":{"allow":["GET"]}}],"collection":[{"href":"https:\/\/www.radioamigavallenar.cl\/index.php?rest_route=\/wp\/v2\/posts"}],"about":[{"href":"https:\/\/www.radioamigavallenar.cl\/index.php?rest_route=\/wp\/v2\/types\/post"}],"author":[{"embeddable":true,"href":"https:\/\/www.radioamigavallenar.cl\/index.php?rest_route=\/wp\/v2\/users\/2"}],"replies":[{"embeddable":true,"href":"https:\/\/www.radioamigavallenar.cl\/index.php?rest_route=%2Fwp%2Fv2%2Fcomments&post=27750"}],"version-history":[{"count":0,"href":"https:\/\/www.radioamigavallenar.cl\/index.php?rest_route=\/wp\/v2\/posts\/27750\/revisions"}],"wp:featuredmedia":[{"embeddable":true,"href":"https:\/\/www.radioamigavallenar.cl\/index.php?rest_route=\/wp\/v2\/media\/27752"}],"wp:attachment":[{"href":"https:\/\/www.radioamigavallenar.cl\/index.php?rest_route=%2Fwp%2Fv2%2Fmedia&parent=27750"}],"wp:term":[{"taxonomy":"category","embeddable":true,"href":"https:\/\/www.radioamigavallenar.cl\/index.php?rest_route=%2Fwp%2Fv2%2Fcategories&post=27750"},{"taxonomy":"post_tag","embeddable":true,"href":"https:\/\/www.radioamigavallenar.cl\/index.php?rest_route=%2Fwp%2Fv2%2Ftags&post=27750"}],"curies":[{"name":"wp","href":"https:\/\/api.w.org\/{rel}","templated":true}]}}