{"id":27747,"date":"2020-08-10T12:33:01","date_gmt":"2020-08-10T16:33:01","guid":{"rendered":"https:\/\/www.radioamigavallenar.cl\/?p=27747"},"modified":"2020-08-10T12:33:03","modified_gmt":"2020-08-10T16:33:03","slug":"parroco-de-la-iglesia-de-alto-del-carmen-inicio-caminata-100-km-de-oracion-por-la-vida-del-valle-del-huasco","status":"publish","type":"post","link":"https:\/\/www.radioamigavallenar.cl\/?p=27747","title":{"rendered":"P\u00e1rroco de la Iglesia de Alto del Carmen inici\u00f3 caminata \u201c100 km de Oraci\u00f3n por la Vida del Valle del Huasco\u201d"},"content":{"rendered":"\n<div class=\"wp-block-image\"><figure class=\"aligncenter size-large is-resized\"><img loading=\"lazy\" decoding=\"async\" src=\"https:\/\/www.radioamigavallenar.cl\/wp-content\/uploads\/2020\/08\/PHOTO-2020-08-09-15-23-32-768x1024.jpg\" alt=\"\" class=\"wp-image-27748\" width=\"489\" height=\"652\" srcset=\"https:\/\/www.radioamigavallenar.cl\/wp-content\/uploads\/2020\/08\/PHOTO-2020-08-09-15-23-32-768x1024.jpg 768w, https:\/\/www.radioamigavallenar.cl\/wp-content\/uploads\/2020\/08\/PHOTO-2020-08-09-15-23-32-225x300.jpg 225w, https:\/\/www.radioamigavallenar.cl\/wp-content\/uploads\/2020\/08\/PHOTO-2020-08-09-15-23-32.jpg 780w\" sizes=\"auto, (max-width: 489px) 100vw, 489px\" \/><\/figure><\/div>\n\n\n\n<p><strong>\u201cEn estos 100 km de oraci\u00f3n quiero tener presente a los jueces del Tribunal Ambiental que deben fallar a favor o en contra de este Valle\u201d<\/strong><\/p>\n\n\n\n<p>Durante el amanecer del pasado viernes 7 de agosto, el P\u00e1rroco de la Iglesia de la Comuna de Alto del Carmen, Nelson Barrientos, inici\u00f3 una caminata que denomin\u00f3 \u201c100 km de Oraci\u00f3n por la Vida del Valle del Huasco\u201d. Su motivaci\u00f3n es pedir por la salud y la vida de este Valle, particularmente cuando el Tribunal Ambiental de Antofagasta est\u00e1 pronto a entregar el fallo sobre la continuidad del proyecto Pascua Lama, emplazado en la precordillera. Seg\u00fan sus propias palabras: <strong>\u201cQuiero tener presente a los Jueces del Tribunal Ambiental que tienen que fallar a favor o en contra de este Valle, de la vida de este Valle. A ellos har\u00e9 oraci\u00f3n, por ellos. Y tambi\u00e9n har\u00e9 oraci\u00f3n por los Senadores y Diputados que tienen que votar y proteger los glaciares de nuestro pa\u00eds. Sin glaciares no tenemos r\u00edos en ninguna parte de Chile, sin ellos no hay vida, no hay agua\u201d.<\/strong><\/p>\n\n\n\n<p>En estos 20 a\u00f1os de defensa del Valle del Huasco, tanto la Iglesia Cat\u00f3lica como la Presbiteriana han jugado un rol fundamental. Fieles a su vocaci\u00f3n de salvaguardar la Creaci\u00f3n, desde el primer momento se unieron a la comunidad que se levant\u00f3 en defensa de la Vida, como se aprecia concretamente en el mural que adorna la Iglesia de Alto del Carmen desde 2005 y en los murales bajo la Iglesia Presbiteriana de Chig\u00fcinto, que destacan la belleza del Valle del Huasco y la amenaza que plantea la megaminer\u00eda.<\/p>\n\n\n\n<p>La caminata parti\u00f3 desde Alto del Carmen y ha pasado por varias localidades del Valle de San F\u00e9lix. &nbsp;El punto de llegada es el port\u00f3n del proyecto Pascua Lama, pasado el cual est\u00e1 prohibido seguir subiendo a la Cordillera a consecuencia del Tratado Binacional Minero, que cede y da total soberan\u00eda a las trasnacionales que trabajan en la franja fronteriza. Hacemos un llamado a toda la comunidad a unirse al P\u00e1rroco en su oraci\u00f3n y a seguir la Caminata por redes sociales a trav\u00e9s de los videos publicados por \u00e9l mismo. Redes: Instagram: 100kmsporlavida y Facebook: Parroquia de Alto del Carmen.<\/p>\n","protected":false},"excerpt":{"rendered":"<p>\u201cEn estos 100 km de oraci\u00f3n quiero tener presente a los jueces del Tribunal Ambiental que deben fallar a favor o en contra de este&hellip; <\/p>\n","protected":false},"author":2,"featured_media":27748,"comment_status":"open","ping_status":"closed","sticky":false,"template":"","format":"standard","meta":{"footnotes":""},"categories":[5,1],"tags":[],"class_list":["post-27747","post","type-post","status-publish","format-standard","has-post-thumbnail","hentry","category-alto-del-carmen","category-provincia-del-huasco-2"],"_links":{"self":[{"href":"https:\/\/www.radioamigavallenar.cl\/index.php?rest_route=\/wp\/v2\/posts\/27747","targetHints":{"allow":["GET"]}}],"collection":[{"href":"https:\/\/www.radioamigavallenar.cl\/index.php?rest_route=\/wp\/v2\/posts"}],"about":[{"href":"https:\/\/www.radioamigavallenar.cl\/index.php?rest_route=\/wp\/v2\/types\/post"}],"author":[{"embeddable":true,"href":"https:\/\/www.radioamigavallenar.cl\/index.php?rest_route=\/wp\/v2\/users\/2"}],"replies":[{"embeddable":true,"href":"https:\/\/www.radioamigavallenar.cl\/index.php?rest_route=%2Fwp%2Fv2%2Fcomments&post=27747"}],"version-history":[{"count":0,"href":"https:\/\/www.radioamigavallenar.cl\/index.php?rest_route=\/wp\/v2\/posts\/27747\/revisions"}],"wp:featuredmedia":[{"embeddable":true,"href":"https:\/\/www.radioamigavallenar.cl\/index.php?rest_route=\/wp\/v2\/media\/27748"}],"wp:attachment":[{"href":"https:\/\/www.radioamigavallenar.cl\/index.php?rest_route=%2Fwp%2Fv2%2Fmedia&parent=27747"}],"wp:term":[{"taxonomy":"category","embeddable":true,"href":"https:\/\/www.radioamigavallenar.cl\/index.php?rest_route=%2Fwp%2Fv2%2Fcategories&post=27747"},{"taxonomy":"post_tag","embeddable":true,"href":"https:\/\/www.radioamigavallenar.cl\/index.php?rest_route=%2Fwp%2Fv2%2Ftags&post=27747"}],"curies":[{"name":"wp","href":"https:\/\/api.w.org\/{rel}","templated":true}]}}