{"id":27743,"date":"2020-08-10T12:07:30","date_gmt":"2020-08-10T16:07:30","guid":{"rendered":"https:\/\/www.radioamigavallenar.cl\/?p=27743"},"modified":"2020-08-10T12:07:31","modified_gmt":"2020-08-10T16:07:31","slug":"liceo-politecnico-de-vallenar-invita-a-estudiantes-de-8vos-basicos-para-que-se-unan-a-charla-virtual-sobre-oferta-educativa-2021","status":"publish","type":"post","link":"https:\/\/www.radioamigavallenar.cl\/?p=27743","title":{"rendered":"Liceo Polit\u00e9cnico de Vallenar invita a estudiantes de 8vos b\u00e1sicos para que se unan a Charla Virtual sobre oferta educativa 2021"},"content":{"rendered":"\n<div class=\"wp-block-image\"><figure class=\"aligncenter size-large\"><img loading=\"lazy\" decoding=\"async\" width=\"750\" height=\"400\" src=\"https:\/\/www.radioamigavallenar.cl\/wp-content\/uploads\/2020\/08\/estudiantes-liceo-politecnico-vallenar.jpg\" alt=\"\" class=\"wp-image-27745\" srcset=\"https:\/\/www.radioamigavallenar.cl\/wp-content\/uploads\/2020\/08\/estudiantes-liceo-politecnico-vallenar.jpg 750w, https:\/\/www.radioamigavallenar.cl\/wp-content\/uploads\/2020\/08\/estudiantes-liceo-politecnico-vallenar-300x160.jpg 300w\" sizes=\"auto, (max-width: 750px) 100vw, 750px\" \/><\/figure><\/div>\n\n\n\n<p><strong>El establecimiento imparte educaci\u00f3n t\u00e9cnico profesional en seis especialidades.<\/strong><\/p>\n\n\n\n<p>Este lunes 10 de agosto, a las 19:00 horas, el Liceo Polit\u00e9cnico de Vallenar realizar\u00e1 una Charla Virtual para mostrar su oferta educativa 2021, la cual estar\u00e1 dirigida a estudiantes de 8vos b\u00e1sicos y sus apoderados. La instancia busca entregar un espacio, para resolver dudas, definir las preferencias de los estudiantes que se preparan para la Ense\u00f1anza Media, junto con entregar informaci\u00f3n sobre la postulaci\u00f3n del Sistema de Admisi\u00f3n Escolar que inicia el pr\u00f3ximo 11 de agosto en&nbsp;<a href=\"https:\/\/www.sistemadeadmisionescolar.cl\/\">https:\/\/www.sistemadeadmisionescolar.cl\/<\/a>.<\/p>\n\n\n\n<p>\u201cEn esta oportunidad, quiero invitar a todos los que van a egresar de Ense\u00f1anza B\u00e1sica de todos los colegios de la ciudad de Vallenar y por qu\u00e9 no, de la provincia de Huasco, para que puedan optar a nuestro establecimiento. Uno de nuestros sellos es ense\u00f1ar, innovar dentro de los aprendizajes, adem\u00e1s de ofrecer una serie de especialidades\u201d, coment\u00f3 Alfonso Adaos Calder\u00f3n, director del Liceo Polit\u00e9cnico de Vallenar.<\/p>\n\n\n\n<p>El establecimiento imparte educaci\u00f3n t\u00e9cnico profesional en las especialidades de Atenci\u00f3n de P\u00e1rvulos, Contabilidad, Gastronom\u00eda con menci\u00f3n en Cocina, Elaboraci\u00f3n Industrial de Alimentos, Dibujo T\u00e9cnico y Administraci\u00f3n con menci\u00f3n en Recursos Humanos.<\/p>\n\n\n\n<p>\u201cDentro de las 6 especialidades, los estudiantes tienen la posibilidad de optar a la modalidad dual, que consiste en un trabajo alternado una semana en el establecimiento y otra semana de aprendizaje en la empresa\u201d, agreg\u00f3 el director.<\/p>\n\n\n\n<p>Para conectarse a la Charla Virtual que realizar\u00e1 el Liceo Polit\u00e9cnico de Vallenar para dar a conocer oferta educativa, ingresa a&nbsp;.<\/p>\n","protected":false},"excerpt":{"rendered":"<p>El establecimiento imparte educaci\u00f3n t\u00e9cnico profesional en seis especialidades. Este lunes 10 de agosto, a las 19:00 horas, el Liceo Polit\u00e9cnico de Vallenar realizar\u00e1 una&hellip; <\/p>\n","protected":false},"author":2,"featured_media":27745,"comment_status":"open","ping_status":"closed","sticky":false,"template":"","format":"standard","meta":{"footnotes":""},"categories":[1,2],"tags":[],"class_list":["post-27743","post","type-post","status-publish","format-standard","has-post-thumbnail","hentry","category-provincia-del-huasco-2","category-vallenar"],"_links":{"self":[{"href":"https:\/\/www.radioamigavallenar.cl\/index.php?rest_route=\/wp\/v2\/posts\/27743","targetHints":{"allow":["GET"]}}],"collection":[{"href":"https:\/\/www.radioamigavallenar.cl\/index.php?rest_route=\/wp\/v2\/posts"}],"about":[{"href":"https:\/\/www.radioamigavallenar.cl\/index.php?rest_route=\/wp\/v2\/types\/post"}],"author":[{"embeddable":true,"href":"https:\/\/www.radioamigavallenar.cl\/index.php?rest_route=\/wp\/v2\/users\/2"}],"replies":[{"embeddable":true,"href":"https:\/\/www.radioamigavallenar.cl\/index.php?rest_route=%2Fwp%2Fv2%2Fcomments&post=27743"}],"version-history":[{"count":0,"href":"https:\/\/www.radioamigavallenar.cl\/index.php?rest_route=\/wp\/v2\/posts\/27743\/revisions"}],"wp:featuredmedia":[{"embeddable":true,"href":"https:\/\/www.radioamigavallenar.cl\/index.php?rest_route=\/wp\/v2\/media\/27745"}],"wp:attachment":[{"href":"https:\/\/www.radioamigavallenar.cl\/index.php?rest_route=%2Fwp%2Fv2%2Fmedia&parent=27743"}],"wp:term":[{"taxonomy":"category","embeddable":true,"href":"https:\/\/www.radioamigavallenar.cl\/index.php?rest_route=%2Fwp%2Fv2%2Fcategories&post=27743"},{"taxonomy":"post_tag","embeddable":true,"href":"https:\/\/www.radioamigavallenar.cl\/index.php?rest_route=%2Fwp%2Fv2%2Ftags&post=27743"}],"curies":[{"name":"wp","href":"https:\/\/api.w.org\/{rel}","templated":true}]}}