{"id":27732,"date":"2020-08-10T12:00:22","date_gmt":"2020-08-10T16:00:22","guid":{"rendered":"https:\/\/www.radioamigavallenar.cl\/?p=27732"},"modified":"2020-08-10T12:00:23","modified_gmt":"2020-08-10T16:00:23","slug":"hoy-finaliza-el-proceso-de-postulacion-a-los-talleres-informativos-de-derecho-indigena","status":"publish","type":"post","link":"https:\/\/www.radioamigavallenar.cl\/?p=27732","title":{"rendered":"Hoy finaliza el proceso de postulaci\u00f3n a los talleres informativos de Derecho Ind\u00edgena."},"content":{"rendered":"\n<div class=\"wp-block-image\"><figure class=\"aligncenter size-large\"><img loading=\"lazy\" decoding=\"async\" width=\"664\" height=\"1024\" src=\"https:\/\/www.radioamigavallenar.cl\/wp-content\/uploads\/2020\/08\/PHOTO-2020-08-10-10-25-17-664x1024.jpg\" alt=\"\" class=\"wp-image-27733\" srcset=\"https:\/\/www.radioamigavallenar.cl\/wp-content\/uploads\/2020\/08\/PHOTO-2020-08-10-10-25-17-664x1024.jpg 664w, https:\/\/www.radioamigavallenar.cl\/wp-content\/uploads\/2020\/08\/PHOTO-2020-08-10-10-25-17-194x300.jpg 194w, https:\/\/www.radioamigavallenar.cl\/wp-content\/uploads\/2020\/08\/PHOTO-2020-08-10-10-25-17-768x1185.jpg 768w, https:\/\/www.radioamigavallenar.cl\/wp-content\/uploads\/2020\/08\/PHOTO-2020-08-10-10-25-17.jpg 827w\" sizes=\"auto, (max-width: 664px) 100vw, 664px\" \/><\/figure><\/div>\n\n\n\n<p>Interesados tienen hasta este lunes para inscribirse en la p\u00e1gina web&nbsp;&nbsp; talleresderechoindigenaatacama.cl<\/p>\n\n\n\n<p>La Subdirecci\u00f3n Nacional Norte de CONADI a trav\u00e9s de la Unidad Convenio 169 ha programado la realizaci\u00f3n de 5 talleres virtuales de Derecho Ind\u00edgena a realizarse en el mes de Agosto de 2020. Cada unos de estos talleres tendr\u00e1 un m\u00e1ximo de 20 alumnos, por cuanto se pone a disposici\u00f3n de 100 cupos totalmente gratuitos y a los que se puede acceder inscribiendose en la p\u00e1gina web&nbsp;<a href=\"http:\/\/www.talleresderechoindigenaatacama.cl\/\">www.talleresderechoindigenaatacama.cl<\/a>; los requisitos de inscripci\u00f3n son: Ser mayor de 18 a\u00f1os, tener calidad ind\u00edgena y vivir en la regi\u00f3n de Atacama.<\/p>\n\n\n\n<p>Estos talleres forman parte del trabajo que realiza la Unidad Convenio 169 a trav\u00e9s de la licitaci\u00f3n p\u00fablica \u201cAsistencia t\u00e9cnica para la aplicabilidad del Convenio 169 en la regi\u00f3n de Atacama\u201d y que por primera vez tendr\u00e1n la posibilidad de desarrollarse de manera virtual dada la pandemia de COVID-19 que afecta a la regi\u00f3n.<\/p>\n\n\n\n<p>Los talleres tendr\u00e1n como principales contenidos la Ley 19.253 reconocida tambi\u00e9n como la \u201cLey Ind\u00edgena\u201d, el Convenio 169 de la OIT (Instrumento jur\u00eddico internacional ratificado por el Estado de Chile el a\u00f1o 2009) y normativa vigente en materia de Consulta Ind\u00edgena como el Decreto Supremo N\u00ba66 del a\u00f1o 2013.<\/p>\n\n\n\n<p>Actualmente se trabaja t\u00e9cnicamente en la planificaci\u00f3n y en la realizaci\u00f3n de 5 talleres m\u00e1s durante el \u00faltimo trimestre del a\u00f1o y los que se esperan realizar de manera presencial una vez superada la situaci\u00f3n nacional por la pandemia, estos en comunidades ind\u00edgenas. No obstante de no ser posible, se replicar\u00e1 la experiencia de la realizaci\u00f3n virtual de estos talleres, pero esta vez enfocados en el \u00e1rea rural de la regi\u00f3n.<\/p>\n","protected":false},"excerpt":{"rendered":"<p>Interesados tienen hasta este lunes para inscribirse en la p\u00e1gina web&nbsp;&nbsp; talleresderechoindigenaatacama.cl La Subdirecci\u00f3n Nacional Norte de CONADI a trav\u00e9s de la Unidad Convenio 169&hellip; <\/p>\n","protected":false},"author":2,"featured_media":27733,"comment_status":"open","ping_status":"closed","sticky":false,"template":"","format":"standard","meta":{"footnotes":""},"categories":[7,1],"tags":[],"class_list":["post-27732","post","type-post","status-publish","format-standard","has-post-thumbnail","hentry","category-atacama","category-provincia-del-huasco-2"],"_links":{"self":[{"href":"https:\/\/www.radioamigavallenar.cl\/index.php?rest_route=\/wp\/v2\/posts\/27732","targetHints":{"allow":["GET"]}}],"collection":[{"href":"https:\/\/www.radioamigavallenar.cl\/index.php?rest_route=\/wp\/v2\/posts"}],"about":[{"href":"https:\/\/www.radioamigavallenar.cl\/index.php?rest_route=\/wp\/v2\/types\/post"}],"author":[{"embeddable":true,"href":"https:\/\/www.radioamigavallenar.cl\/index.php?rest_route=\/wp\/v2\/users\/2"}],"replies":[{"embeddable":true,"href":"https:\/\/www.radioamigavallenar.cl\/index.php?rest_route=%2Fwp%2Fv2%2Fcomments&post=27732"}],"version-history":[{"count":0,"href":"https:\/\/www.radioamigavallenar.cl\/index.php?rest_route=\/wp\/v2\/posts\/27732\/revisions"}],"wp:featuredmedia":[{"embeddable":true,"href":"https:\/\/www.radioamigavallenar.cl\/index.php?rest_route=\/wp\/v2\/media\/27733"}],"wp:attachment":[{"href":"https:\/\/www.radioamigavallenar.cl\/index.php?rest_route=%2Fwp%2Fv2%2Fmedia&parent=27732"}],"wp:term":[{"taxonomy":"category","embeddable":true,"href":"https:\/\/www.radioamigavallenar.cl\/index.php?rest_route=%2Fwp%2Fv2%2Fcategories&post=27732"},{"taxonomy":"post_tag","embeddable":true,"href":"https:\/\/www.radioamigavallenar.cl\/index.php?rest_route=%2Fwp%2Fv2%2Ftags&post=27732"}],"curies":[{"name":"wp","href":"https:\/\/api.w.org\/{rel}","templated":true}]}}