{"id":27723,"date":"2020-08-10T07:28:29","date_gmt":"2020-08-10T11:28:29","guid":{"rendered":"https:\/\/www.radioamigavallenar.cl\/?p=27723"},"modified":"2020-08-10T07:28:29","modified_gmt":"2020-08-10T11:28:29","slug":"diputado-mulet-quienes-pretenden-volver-al-binominal-no-contaran-con-nosotros-ni-siquiera-para-pactos-por-omision","status":"publish","type":"post","link":"https:\/\/www.radioamigavallenar.cl\/?p=27723","title":{"rendered":"Diputado Mulet: \u201cquienes pretenden volver al binominal no contar\u00e1n con nosotros ni siquiera para pactos por omisi\u00f3n\u201d"},"content":{"rendered":"\n<div class=\"wp-block-image\"><figure class=\"aligncenter size-large\"><img loading=\"lazy\" decoding=\"async\" width=\"750\" height=\"375\" src=\"https:\/\/www.radioamigavallenar.cl\/wp-content\/uploads\/2020\/08\/JaimeMuletmascarilla-750x375-2.jpg\" alt=\"\" class=\"wp-image-27724\" srcset=\"https:\/\/www.radioamigavallenar.cl\/wp-content\/uploads\/2020\/08\/JaimeMuletmascarilla-750x375-2.jpg 750w, https:\/\/www.radioamigavallenar.cl\/wp-content\/uploads\/2020\/08\/JaimeMuletmascarilla-750x375-2-300x150.jpg 300w\" sizes=\"auto, (max-width: 750px) 100vw, 750px\" \/><\/figure><\/div>\n\n\n\n<p>El diputado y presidente de la Federaci\u00f3n Regionalista Verde Social, Jaime Mulet, denunci\u00f3 que \u201cnuevamente hay una arremetida de parlamentarios oficialistas y de oposici\u00f3n para postergar, y apenas se sientan seguros definitivamente suspender la elecci\u00f3n de gobernadores\u201d.<\/p>\n\n\n\n<p>Al respecto, el parlamentario se\u00f1al\u00f3 que \u201cclaramente hay un paquetazo empujado por algunos miembros del \u2018partido del orden\u2019 que implica retroceso al proceso democr\u00e1tico y descentralizador. Pretenden postergar \u2013 y apenas puedan y se sientan seguros propondr\u00e1n su supresi\u00f3n \u2013 las elecciones de gobernadores; terminar con las inhabilidades en las elecciones y con ello revivir a algunos de sus miembros que quedar\u00e1n sin cargos p\u00fablicos y rebinominalizar el Congreso\u201d.<\/p>\n\n\n\n<p>\u201cSe est\u00e1n juntando algunos votos de parlamentarios y parlamentarias que pretenden postergar la elecci\u00f3n de gobernadores, otros pretenden levantar las inhabilidades para ser diputado, para ser senador, para ser alcalde, para ser gobernador, de manera que un senador que no pueda ir a la reelecci\u00f3n si pueda ir a gobernador o alcalde, o que un alcalde que no pueda ir a la reelecci\u00f3n si pueda ir a gobernador, por ejemplo. Quieren terminar con las inhabilidades e instaurar el sistema de las sillitas musicales para siempre, y por otro lado adem\u00e1s hay otros que pretenden disminuir el Congreso\u201d.<\/p>\n\n\n\n<p>Por esta raz\u00f3n, Mulet fue enf\u00e1tico en se\u00f1alar que \u201cla Federaci\u00f3n Regionalista Verde Social, seguir\u00e1 denunciando cada una de estas medidas anti descentralizaci\u00f3n, anti participaci\u00f3n y anti democr\u00e1ticas y desde ya se\u00f1alamos que no pactaremos ni llegaremos a acuerdo alguno, ni siquiera por omisi\u00f3n, con partidos que se involucren en esas maniobras. Estamos preparados para llevar candidatos a gobernadores en las 16 regiones de Chile\u201d, concluy\u00f3.<\/p>\n","protected":false},"excerpt":{"rendered":"<p>El diputado y presidente de la Federaci\u00f3n Regionalista Verde Social, Jaime Mulet, denunci\u00f3 que \u201cnuevamente hay una arremetida de parlamentarios oficialistas y de oposici\u00f3n para&hellip; <\/p>\n","protected":false},"author":2,"featured_media":27724,"comment_status":"open","ping_status":"closed","sticky":false,"template":"","format":"standard","meta":{"footnotes":""},"categories":[7,1],"tags":[],"class_list":["post-27723","post","type-post","status-publish","format-standard","has-post-thumbnail","hentry","category-atacama","category-provincia-del-huasco-2"],"_links":{"self":[{"href":"https:\/\/www.radioamigavallenar.cl\/index.php?rest_route=\/wp\/v2\/posts\/27723","targetHints":{"allow":["GET"]}}],"collection":[{"href":"https:\/\/www.radioamigavallenar.cl\/index.php?rest_route=\/wp\/v2\/posts"}],"about":[{"href":"https:\/\/www.radioamigavallenar.cl\/index.php?rest_route=\/wp\/v2\/types\/post"}],"author":[{"embeddable":true,"href":"https:\/\/www.radioamigavallenar.cl\/index.php?rest_route=\/wp\/v2\/users\/2"}],"replies":[{"embeddable":true,"href":"https:\/\/www.radioamigavallenar.cl\/index.php?rest_route=%2Fwp%2Fv2%2Fcomments&post=27723"}],"version-history":[{"count":0,"href":"https:\/\/www.radioamigavallenar.cl\/index.php?rest_route=\/wp\/v2\/posts\/27723\/revisions"}],"wp:featuredmedia":[{"embeddable":true,"href":"https:\/\/www.radioamigavallenar.cl\/index.php?rest_route=\/wp\/v2\/media\/27724"}],"wp:attachment":[{"href":"https:\/\/www.radioamigavallenar.cl\/index.php?rest_route=%2Fwp%2Fv2%2Fmedia&parent=27723"}],"wp:term":[{"taxonomy":"category","embeddable":true,"href":"https:\/\/www.radioamigavallenar.cl\/index.php?rest_route=%2Fwp%2Fv2%2Fcategories&post=27723"},{"taxonomy":"post_tag","embeddable":true,"href":"https:\/\/www.radioamigavallenar.cl\/index.php?rest_route=%2Fwp%2Fv2%2Ftags&post=27723"}],"curies":[{"name":"wp","href":"https:\/\/api.w.org\/{rel}","templated":true}]}}