{"id":27720,"date":"2020-08-10T07:26:43","date_gmt":"2020-08-10T11:26:43","guid":{"rendered":"https:\/\/www.radioamigavallenar.cl\/?p=27720"},"modified":"2020-08-10T07:26:44","modified_gmt":"2020-08-10T11:26:44","slug":"desafios-de-la-mineria-en-atacama-en-el-contexto-post-pandemia","status":"publish","type":"post","link":"https:\/\/www.radioamigavallenar.cl\/?p=27720","title":{"rendered":"Desaf\u00edos de la miner\u00eda en Atacama en el contexto post-pandemia"},"content":{"rendered":"\n<div class=\"wp-block-image\"><figure class=\"aligncenter size-large\"><img loading=\"lazy\" decoding=\"async\" width=\"1024\" height=\"682\" src=\"https:\/\/www.radioamigavallenar.cl\/wp-content\/uploads\/2020\/08\/miner\u00eda-1024x682.jpeg\" alt=\"\" class=\"wp-image-27721\" srcset=\"https:\/\/www.radioamigavallenar.cl\/wp-content\/uploads\/2020\/08\/miner\u00eda-1024x682.jpeg 1024w, https:\/\/www.radioamigavallenar.cl\/wp-content\/uploads\/2020\/08\/miner\u00eda-300x200.jpeg 300w, https:\/\/www.radioamigavallenar.cl\/wp-content\/uploads\/2020\/08\/miner\u00eda-768x512.jpeg 768w, https:\/\/www.radioamigavallenar.cl\/wp-content\/uploads\/2020\/08\/miner\u00eda.jpeg 1280w\" sizes=\"auto, (max-width: 1024px) 100vw, 1024px\" \/><\/figure><\/div>\n\n\n\n<p>La regi\u00f3n de Atacama tiene una larga tradici\u00f3n hist\u00f3rica asociada al sector minero. No es de extra\u00f1ar que el 36,9% del Producto Interno Bruto (PIB) de la regi\u00f3n provenga de la actividad minera (Banco Central, 2018), la cual se ha convertido en el centro del desarrollo productivo de la regi\u00f3n. A pesar de la crisis sanitaria y econ\u00f3mica que vive el pa\u00eds, en el mes de junio del a\u00f1o 2020, seg\u00fan el \u00cdndice de Producci\u00f3n Minera (IPMin), la regi\u00f3n de Atacama present\u00f3 un incremento de 11,1% de la producci\u00f3n respecto a igual mes del a\u00f1o anterior. En cuanto a la producci\u00f3n de cobre, recurso importante para la regi\u00f3n y el pa\u00eds, ha presentado un aumento de 6,6% en doce meses. De ah\u00ed la importancia de este sector para la econom\u00eda regional, el cual emplea a m\u00e1s de 29.000 personas.<\/p>\n\n\n\n<h3 class=\"has-text-align-center wp-block-heading\">\u00bfCu\u00e1les son los desaf\u00edos que enfrenta el sector Miner\u00eda?<\/h3>\n\n\n\n<p>Uno de los desaf\u00edos m\u00e1s importantes que enfrenta el sector en la regi\u00f3n de Atacama, es el aumento de la contrataci\u00f3n de mano de obra local. Pensando en el contexto de pandemia, en el cual se ha restringido la movilidad intrarregional, cada vez resulta m\u00e1s necesario que las empresas puedan contratar mayor personal local para sus faenas productivas. Para ello, tanto el sector p\u00fablico como privado, deben dirigir sus esfuerzos en entregar las herramientas para que nuestros trabajadores adquieran las competencias laborales necesarias para ser contratados por las empresas del rubro. Como Observatorio Laboral, tenemos dentro de nuestros principales prop\u00f3sito detectar las brechas de capital humano que existen en la regi\u00f3n, para que puedan ir cerr\u00e1ndose mediante la oferta formativa de SENCE o, bien, mediante las instituciones de educaci\u00f3n t\u00e9cnica y superior que existen.<\/p>\n\n\n\n<p>Otro desaf\u00edo que enfrenta el sector minero de la regi\u00f3n de Atacama, tiene que ver con el impulso de lo que se ha denominado como la miner\u00eda 4.0. Sin duda, en el contexto de la cuarta revoluci\u00f3n industrial, el uso de las tecnolog\u00edas ser\u00e1 gravitante para la industria minera, tanto nacional como internacional. Temas como la rob\u00f3tica y la inteligencia artificial \u2013 captura de informaci\u00f3n geof\u00edsica mediante drones o, bien, operaci\u00f3n aut\u00f3noma en transporte o perforaci\u00f3n- , son algunos de los temas emergentes en la miner\u00eda a nivel mundial. El uso de las tecnolog\u00edas en temas de sustentabilidad, tambi\u00e9n es un desaf\u00edo en este sector: el transporte de personal en veh\u00edculos el\u00e9ctricos oel buen uso de los recursos h\u00eddricos, est\u00e1n siendo tendencia a nivel internacional. En la regi\u00f3n vemos proyectos de inversi\u00f3n asociados a la construcci\u00f3n de plantas desalinizadoras, lo que es un buen indicio de avance hacia esta miner\u00eda denominada 4.0 en Atacama.<\/p>\n","protected":false},"excerpt":{"rendered":"<p>La regi\u00f3n de Atacama tiene una larga tradici\u00f3n hist\u00f3rica asociada al sector minero. No es de extra\u00f1ar que el 36,9% del Producto Interno Bruto (PIB)&hellip; <\/p>\n","protected":false},"author":2,"featured_media":27721,"comment_status":"open","ping_status":"closed","sticky":false,"template":"","format":"standard","meta":{"footnotes":""},"categories":[7,34],"tags":[],"class_list":["post-27720","post","type-post","status-publish","format-standard","has-post-thumbnail","hentry","category-atacama","category-mineria"],"_links":{"self":[{"href":"https:\/\/www.radioamigavallenar.cl\/index.php?rest_route=\/wp\/v2\/posts\/27720","targetHints":{"allow":["GET"]}}],"collection":[{"href":"https:\/\/www.radioamigavallenar.cl\/index.php?rest_route=\/wp\/v2\/posts"}],"about":[{"href":"https:\/\/www.radioamigavallenar.cl\/index.php?rest_route=\/wp\/v2\/types\/post"}],"author":[{"embeddable":true,"href":"https:\/\/www.radioamigavallenar.cl\/index.php?rest_route=\/wp\/v2\/users\/2"}],"replies":[{"embeddable":true,"href":"https:\/\/www.radioamigavallenar.cl\/index.php?rest_route=%2Fwp%2Fv2%2Fcomments&post=27720"}],"version-history":[{"count":0,"href":"https:\/\/www.radioamigavallenar.cl\/index.php?rest_route=\/wp\/v2\/posts\/27720\/revisions"}],"wp:featuredmedia":[{"embeddable":true,"href":"https:\/\/www.radioamigavallenar.cl\/index.php?rest_route=\/wp\/v2\/media\/27721"}],"wp:attachment":[{"href":"https:\/\/www.radioamigavallenar.cl\/index.php?rest_route=%2Fwp%2Fv2%2Fmedia&parent=27720"}],"wp:term":[{"taxonomy":"category","embeddable":true,"href":"https:\/\/www.radioamigavallenar.cl\/index.php?rest_route=%2Fwp%2Fv2%2Fcategories&post=27720"},{"taxonomy":"post_tag","embeddable":true,"href":"https:\/\/www.radioamigavallenar.cl\/index.php?rest_route=%2Fwp%2Fv2%2Ftags&post=27720"}],"curies":[{"name":"wp","href":"https:\/\/api.w.org\/{rel}","templated":true}]}}