{"id":27717,"date":"2020-08-10T07:23:27","date_gmt":"2020-08-10T11:23:27","guid":{"rendered":"https:\/\/www.radioamigavallenar.cl\/?p=27717"},"modified":"2020-08-10T07:23:28","modified_gmt":"2020-08-10T11:23:28","slug":"subsecretario-de-salud-dio-ejemplo-de-respeto-a-controles-sanitarios-en-la-comuna-de-vallenar","status":"publish","type":"post","link":"https:\/\/www.radioamigavallenar.cl\/?p=27717","title":{"rendered":"Subsecretario de salud dio ejemplo de respeto a controles sanitarios en la comuna de Vallenar."},"content":{"rendered":"\n<div class=\"wp-block-image\"><figure class=\"aligncenter size-large\"><img loading=\"lazy\" decoding=\"async\" width=\"1024\" height=\"576\" src=\"https:\/\/www.radioamigavallenar.cl\/wp-content\/uploads\/2020\/08\/Visita-Subsecretario-RRAA-2-1024x576.jpeg\" alt=\"\" class=\"wp-image-27718\" srcset=\"https:\/\/www.radioamigavallenar.cl\/wp-content\/uploads\/2020\/08\/Visita-Subsecretario-RRAA-2-1024x576.jpeg 1024w, https:\/\/www.radioamigavallenar.cl\/wp-content\/uploads\/2020\/08\/Visita-Subsecretario-RRAA-2-300x169.jpeg 300w, https:\/\/www.radioamigavallenar.cl\/wp-content\/uploads\/2020\/08\/Visita-Subsecretario-RRAA-2-768x432.jpeg 768w, https:\/\/www.radioamigavallenar.cl\/wp-content\/uploads\/2020\/08\/Visita-Subsecretario-RRAA-2.jpeg 1280w\" sizes=\"auto, (max-width: 1024px) 100vw, 1024px\" \/><\/figure><\/div>\n\n\n\n<p>Sorprendido y agradecido del gesto del Subsecretario de Redes Asistenciales, Arturo Z\u00fa\u00f1iga, se mostr\u00f3 el alcalde de Vallenar, Cristian Tapia Ramos, luego que el personero del Gobierno Central procediera a controlarse voluntariamente y de mutuo propio en uno de los puestos de control sanitario dispuesto por la Municipalidad de Vallenar, en el ingreso a la comuna. \u201cEsto es algo que otras autoridades regionales no hacen, porque sostienen que no es obligatorio\u201d, compar\u00f3.<\/p>\n\n\n\n<p>Luego, el jefe comunal reconoci\u00f3 que todo suma, refiri\u00e9ndose al gesto del Subsecretario, en el desaf\u00edo de controlar la expansi\u00f3n de la pandemia en la comuna que dirige. \u201cVallenar ha bajado considerablemente los casos positivos de contagio, justamente por el trabajo del Hospital Provincial y la Salud Primaria, as\u00ed es que el ejemplo que nos deja hoy el subsecretario es que los cargos no interesan, porque aqu\u00ed todas las personas somos iguales y en ese sentido, valoro que haya educado y ojal\u00e1 que todos hayamos aprendido de su comportamiento\u201d.<\/p>\n\n\n\n<p>Cabe precisar que el subsecretario Z\u00fa\u00f1iga lleg\u00f3 hasta Vallenar para participar en la ceremonia de entrega de ocho camas cl\u00ednicas y c\u00e1nulas de alto flujo al Hospital Provincial del Huasco \u201cFernando Arizt\u00eda Ruiz\u201d.<\/p>\n","protected":false},"excerpt":{"rendered":"<p>Sorprendido y agradecido del gesto del Subsecretario de Redes Asistenciales, Arturo Z\u00fa\u00f1iga, se mostr\u00f3 el alcalde de Vallenar, Cristian Tapia Ramos, luego que el personero&hellip; <\/p>\n","protected":false},"author":2,"featured_media":27718,"comment_status":"open","ping_status":"closed","sticky":false,"template":"","format":"standard","meta":{"footnotes":""},"categories":[1,2],"tags":[],"class_list":["post-27717","post","type-post","status-publish","format-standard","has-post-thumbnail","hentry","category-provincia-del-huasco-2","category-vallenar"],"_links":{"self":[{"href":"https:\/\/www.radioamigavallenar.cl\/index.php?rest_route=\/wp\/v2\/posts\/27717","targetHints":{"allow":["GET"]}}],"collection":[{"href":"https:\/\/www.radioamigavallenar.cl\/index.php?rest_route=\/wp\/v2\/posts"}],"about":[{"href":"https:\/\/www.radioamigavallenar.cl\/index.php?rest_route=\/wp\/v2\/types\/post"}],"author":[{"embeddable":true,"href":"https:\/\/www.radioamigavallenar.cl\/index.php?rest_route=\/wp\/v2\/users\/2"}],"replies":[{"embeddable":true,"href":"https:\/\/www.radioamigavallenar.cl\/index.php?rest_route=%2Fwp%2Fv2%2Fcomments&post=27717"}],"version-history":[{"count":0,"href":"https:\/\/www.radioamigavallenar.cl\/index.php?rest_route=\/wp\/v2\/posts\/27717\/revisions"}],"wp:featuredmedia":[{"embeddable":true,"href":"https:\/\/www.radioamigavallenar.cl\/index.php?rest_route=\/wp\/v2\/media\/27718"}],"wp:attachment":[{"href":"https:\/\/www.radioamigavallenar.cl\/index.php?rest_route=%2Fwp%2Fv2%2Fmedia&parent=27717"}],"wp:term":[{"taxonomy":"category","embeddable":true,"href":"https:\/\/www.radioamigavallenar.cl\/index.php?rest_route=%2Fwp%2Fv2%2Fcategories&post=27717"},{"taxonomy":"post_tag","embeddable":true,"href":"https:\/\/www.radioamigavallenar.cl\/index.php?rest_route=%2Fwp%2Fv2%2Ftags&post=27717"}],"curies":[{"name":"wp","href":"https:\/\/api.w.org\/{rel}","templated":true}]}}