{"id":27714,"date":"2020-08-10T07:20:55","date_gmt":"2020-08-10T11:20:55","guid":{"rendered":"https:\/\/www.radioamigavallenar.cl\/?p=27714"},"modified":"2020-08-10T07:20:56","modified_gmt":"2020-08-10T11:20:56","slug":"autoridades-y-gremios-de-la-salud-coordinan-acciones-en-conjunto-para-mejorar-condiciones-en-la-red-asistencial","status":"publish","type":"post","link":"https:\/\/www.radioamigavallenar.cl\/?p=27714","title":{"rendered":"Autoridades y gremios de la salud coordinan acciones en conjunto para mejorar condiciones en la red asistencial"},"content":{"rendered":"\n<div class=\"wp-block-image\"><figure class=\"aligncenter size-large\"><img loading=\"lazy\" decoding=\"async\" width=\"1024\" height=\"575\" src=\"https:\/\/www.radioamigavallenar.cl\/wp-content\/uploads\/2020\/08\/GREMIOS-1024x575.jpeg\" alt=\"\" class=\"wp-image-27715\" srcset=\"https:\/\/www.radioamigavallenar.cl\/wp-content\/uploads\/2020\/08\/GREMIOS-1024x575.jpeg 1024w, https:\/\/www.radioamigavallenar.cl\/wp-content\/uploads\/2020\/08\/GREMIOS-300x169.jpeg 300w, https:\/\/www.radioamigavallenar.cl\/wp-content\/uploads\/2020\/08\/GREMIOS-768x431.jpeg 768w, https:\/\/www.radioamigavallenar.cl\/wp-content\/uploads\/2020\/08\/GREMIOS.jpeg 1280w\" sizes=\"auto, (max-width: 1024px) 100vw, 1024px\" \/><\/figure><\/div>\n\n\n\n<p>Desde el inicio de la pandemia que vienen trabajando en conjunto. El equipo de Gobierno, compuesto por el Intendente Patricio Urquieta, el Seremi de Salud Basti\u00e1n Hermosilla y el Director del Servicio de Salud Claudio Baeza, sostuvieron una reuni\u00f3n virtual con la Coordinadora de la Salud Atacama, integrada por la ASENF, CONFUSAM, Colegio de Kinesi\u00f3logos, FENFUSSAP, FENATS, FENPRUSS y Odont\u00f3logos EDF.<\/p>\n\n\n\n<p>Las materias abordadas fueron los contagios en funcionarios de la salud, medidas sanitarias, utilizaci\u00f3n de elementos de protecci\u00f3n en el personal de la red, condiciones laborales en aduanas sanitarias, estrategia regional de trazabilidad, apoyo psicol\u00f3gico a los funcionarios y mortalidad en adultos mayores. Finalizando la reuni\u00f3n, se coordinaron otras instancias para que en el corto plazo se abordaran estas tem\u00e1ticas vinculadas con los ministerios de Salud y Desarrollo Social.<\/p>\n\n\n\n<p>Sobre este trabajo coordinado, el Intendente Urquieta se\u00f1al\u00f3 \u201cnos hemos reunido nuevamente con los gremios de la salud, para analizar el trabajo que est\u00e1 desarrollando el personal de la Atenci\u00f3n Primaria en toda la Regi\u00f3n de Atacama, que es el que tiene la mayor cercan\u00eda con los pacientes, y naturalmente que estamos haciendo un gran esfuerzo por fortalecer el trabajo que est\u00e1n desempe\u00f1ando, mejorando la atenci\u00f3n de los pacientes y sensibilizando a la comunidad con el desaf\u00edo que tenemos de evitar que crezca la curva de contagio. Tambi\u00e9n solidarizamos con el esfuerzo que est\u00e1 realizando el personal de salud todos los establecimientos de la Red Asistencial en nuestra regi\u00f3n\u201d.<\/p>\n\n\n\n<p>Por su parte, la Coordinadora de Salud Atacama, representada por el presidente de la CONFUSAM, Wilfredo Neyra, agradeci\u00f3 esta nueva instancia. Al respecto, Neyra coment\u00f3 que \u201cvaloramos, una vez m\u00e1s, la continuidad de las reuniones con la m\u00e1xima autoridad regional, por que creemos que los funcionarios y funcionarias de la red asistencial de nuestra regi\u00f3n deben ser escuchados. Creemos necesario que esta continuidad tambi\u00e9n tenga un producto concreto y a eso se ha abocado espec\u00edficamente esta reuni\u00f3n, bajo el contexto de diferentes necesidades que nos han planteado nuestros representados\u201d.<\/p>\n\n\n\n<p>Posterior a esta cita, los gremios de la salud participaron de una reuni\u00f3n con el Director del Servicio de Salud y un equipo encargado de la salud mental del Hospital Regional de Copiap\u00f3, quienes entregaron directrices y lineamientos para apoyar y acompa\u00f1ar a los funcionarios de la red, quienes han estado realizando un arduo trabajo en pro de la salud de las personas.<\/p>\n","protected":false},"excerpt":{"rendered":"<p>Desde el inicio de la pandemia que vienen trabajando en conjunto. El equipo de Gobierno, compuesto por el Intendente Patricio Urquieta, el Seremi de Salud&hellip; <\/p>\n","protected":false},"author":2,"featured_media":27715,"comment_status":"open","ping_status":"closed","sticky":false,"template":"","format":"standard","meta":{"footnotes":""},"categories":[7],"tags":[],"class_list":["post-27714","post","type-post","status-publish","format-standard","has-post-thumbnail","hentry","category-atacama"],"_links":{"self":[{"href":"https:\/\/www.radioamigavallenar.cl\/index.php?rest_route=\/wp\/v2\/posts\/27714","targetHints":{"allow":["GET"]}}],"collection":[{"href":"https:\/\/www.radioamigavallenar.cl\/index.php?rest_route=\/wp\/v2\/posts"}],"about":[{"href":"https:\/\/www.radioamigavallenar.cl\/index.php?rest_route=\/wp\/v2\/types\/post"}],"author":[{"embeddable":true,"href":"https:\/\/www.radioamigavallenar.cl\/index.php?rest_route=\/wp\/v2\/users\/2"}],"replies":[{"embeddable":true,"href":"https:\/\/www.radioamigavallenar.cl\/index.php?rest_route=%2Fwp%2Fv2%2Fcomments&post=27714"}],"version-history":[{"count":0,"href":"https:\/\/www.radioamigavallenar.cl\/index.php?rest_route=\/wp\/v2\/posts\/27714\/revisions"}],"wp:featuredmedia":[{"embeddable":true,"href":"https:\/\/www.radioamigavallenar.cl\/index.php?rest_route=\/wp\/v2\/media\/27715"}],"wp:attachment":[{"href":"https:\/\/www.radioamigavallenar.cl\/index.php?rest_route=%2Fwp%2Fv2%2Fmedia&parent=27714"}],"wp:term":[{"taxonomy":"category","embeddable":true,"href":"https:\/\/www.radioamigavallenar.cl\/index.php?rest_route=%2Fwp%2Fv2%2Fcategories&post=27714"},{"taxonomy":"post_tag","embeddable":true,"href":"https:\/\/www.radioamigavallenar.cl\/index.php?rest_route=%2Fwp%2Fv2%2Ftags&post=27714"}],"curies":[{"name":"wp","href":"https:\/\/api.w.org\/{rel}","templated":true}]}}