{"id":27711,"date":"2020-08-10T07:18:32","date_gmt":"2020-08-10T11:18:32","guid":{"rendered":"https:\/\/www.radioamigavallenar.cl\/?p=27711"},"modified":"2020-08-10T07:18:33","modified_gmt":"2020-08-10T11:18:33","slug":"seremi-de-mineria-constato-avances-en-las-obras-de-minera-santo-domingo","status":"publish","type":"post","link":"https:\/\/www.radioamigavallenar.cl\/?p=27711","title":{"rendered":"Seremi de Miner\u00eda constat\u00f3 avances en las obras de Minera Santo Domingo"},"content":{"rendered":"\n<div class=\"wp-block-image\"><figure class=\"aligncenter size-large\"><img loading=\"lazy\" decoding=\"async\" width=\"1024\" height=\"768\" src=\"https:\/\/www.radioamigavallenar.cl\/wp-content\/uploads\/2020\/08\/WhatsApp-Image-2020-08-07-at-22.56.57-1024x768.jpeg\" alt=\"\" class=\"wp-image-27712\" srcset=\"https:\/\/www.radioamigavallenar.cl\/wp-content\/uploads\/2020\/08\/WhatsApp-Image-2020-08-07-at-22.56.57-1024x768.jpeg 1024w, https:\/\/www.radioamigavallenar.cl\/wp-content\/uploads\/2020\/08\/WhatsApp-Image-2020-08-07-at-22.56.57-300x225.jpeg 300w, https:\/\/www.radioamigavallenar.cl\/wp-content\/uploads\/2020\/08\/WhatsApp-Image-2020-08-07-at-22.56.57-768x576.jpeg 768w, https:\/\/www.radioamigavallenar.cl\/wp-content\/uploads\/2020\/08\/WhatsApp-Image-2020-08-07-at-22.56.57.jpeg 1280w\" sizes=\"auto, (max-width: 1024px) 100vw, 1024px\" \/><\/figure><\/div>\n\n\n\n<ul class=\"wp-block-list\"><li><strong>Los trabajos -que se extender\u00e1n hasta octubre-, son realizados con empresas y mano de obra local.&nbsp;<\/strong><\/li><\/ul>\n\n\n\n<p>El seremi de Miner\u00eda de Atacama, Cristian Alvayai, visit\u00f3 las instalaciones del proyecto Santo Domingo en la comuna de Diego de Almagro en el marco del Mes de la Miner\u00eda. En el lugar se reuni\u00f3 con el gerente general de la compa\u00f1\u00eda, Horacio Z\u00e1rate, para interiorizarse del avance en la construcci\u00f3n de las obras tempranas del proyecto.<\/p>\n\n\n\n<p>La autoridad afirm\u00f3 que \u00abdurante los 27 meses que dura la construcci\u00f3n de este proyecto, habr\u00e1 un peak de hasta 4 mil personas. Observamos c\u00f3mo se est\u00e1n realizando todos los esfuerzos para cumplir con los plazos programados, pese a las condiciones que puedan darse debido a la pandemia. En esta fase de construcci\u00f3n se privilegi\u00f3 la mano de obra local y se foment\u00f3 la incorporaci\u00f3n de m\u00e1s mujeres al proyecto\u201d.<\/p>\n\n\n\n<p>En abril pasado se notific\u00f3 el inicio de los trabajos en caminos de acceso y plataformas en las \u00e1reas de mina y planta, que se est\u00e1n desarrollando de acuerdo a lo planificado por la empresa con fecha de t\u00e9rmino estimada para fines de octubre.<\/p>\n\n\n\n<p>\u201cHemos iniciado de acuerdo al programa con las obras tempranas, en tanto que para el a\u00f1o 2021 continuaremos con la ingeniera de detalle y compromiso de compra de equipos. Las obras principales comenzar\u00e1n&nbsp; a inicios del a\u00f1o 2022 con una leve ralentizaci\u00f3n de lo programado\u201d, afirm\u00f3 el gerente general de la empresa, Horacio Z\u00e1rate.<\/p>\n\n\n\n<p>La empresa puso especial \u00e9nfasis en que estos trabajos se ejecuten con empresas que prestan servicios licitadas en la regi\u00f3n. Como medida preventiva a los contagios por Covid-19 las contrataciones fueron restringidas solamente a personal con domicilio en la regi\u00f3n durante esta fase de instalaci\u00f3n.<\/p>\n\n\n\n<p>El proyecto considera la extracci\u00f3n de cobre y hierro como principales minerales, adem\u00e1s de oro. Se procesar\u00e1n 65 mil toneladas de estos metales durante los primeros 5 a\u00f1os para luego disminuir a 60 mil toneladas, debido a la dureza del mineral. Durante los 18 a\u00f1os de vida del proyecto se extraer\u00e1n 4,5 millones de concentrado de magnetita y 200 mil toneladas de concentrado de cobre.<\/p>\n\n\n\n<p>Santo Domingo considera una inversi\u00f3n de US$ 1.500 millones y durante su operaci\u00f3n&nbsp; generar\u00e1n 1.100 empleos directos para la Regi\u00f3n de Atacama.<\/p>\n","protected":false},"excerpt":{"rendered":"<p>Los trabajos -que se extender\u00e1n hasta octubre-, son realizados con empresas y mano de obra local.&nbsp; El seremi de Miner\u00eda de Atacama, Cristian Alvayai, visit\u00f3&hellip; <\/p>\n","protected":false},"author":2,"featured_media":27712,"comment_status":"open","ping_status":"closed","sticky":false,"template":"","format":"standard","meta":{"footnotes":""},"categories":[7,34],"tags":[],"class_list":["post-27711","post","type-post","status-publish","format-standard","has-post-thumbnail","hentry","category-atacama","category-mineria"],"_links":{"self":[{"href":"https:\/\/www.radioamigavallenar.cl\/index.php?rest_route=\/wp\/v2\/posts\/27711","targetHints":{"allow":["GET"]}}],"collection":[{"href":"https:\/\/www.radioamigavallenar.cl\/index.php?rest_route=\/wp\/v2\/posts"}],"about":[{"href":"https:\/\/www.radioamigavallenar.cl\/index.php?rest_route=\/wp\/v2\/types\/post"}],"author":[{"embeddable":true,"href":"https:\/\/www.radioamigavallenar.cl\/index.php?rest_route=\/wp\/v2\/users\/2"}],"replies":[{"embeddable":true,"href":"https:\/\/www.radioamigavallenar.cl\/index.php?rest_route=%2Fwp%2Fv2%2Fcomments&post=27711"}],"version-history":[{"count":0,"href":"https:\/\/www.radioamigavallenar.cl\/index.php?rest_route=\/wp\/v2\/posts\/27711\/revisions"}],"wp:featuredmedia":[{"embeddable":true,"href":"https:\/\/www.radioamigavallenar.cl\/index.php?rest_route=\/wp\/v2\/media\/27712"}],"wp:attachment":[{"href":"https:\/\/www.radioamigavallenar.cl\/index.php?rest_route=%2Fwp%2Fv2%2Fmedia&parent=27711"}],"wp:term":[{"taxonomy":"category","embeddable":true,"href":"https:\/\/www.radioamigavallenar.cl\/index.php?rest_route=%2Fwp%2Fv2%2Fcategories&post=27711"},{"taxonomy":"post_tag","embeddable":true,"href":"https:\/\/www.radioamigavallenar.cl\/index.php?rest_route=%2Fwp%2Fv2%2Ftags&post=27711"}],"curies":[{"name":"wp","href":"https:\/\/api.w.org\/{rel}","templated":true}]}}