{"id":27122,"date":"2020-07-28T07:13:07","date_gmt":"2020-07-28T11:13:07","guid":{"rendered":"https:\/\/www.radioamigavallenar.cl\/?p=27122"},"modified":"2020-07-28T07:13:08","modified_gmt":"2020-07-28T11:13:08","slug":"fiscalia-formalizo-investigacion-por-dano-ambiental-tras-derrame-de-concentrado-de-cobre","status":"publish","type":"post","link":"https:\/\/www.radioamigavallenar.cl\/?p=27122","title":{"rendered":"Fiscal\u00eda formaliz\u00f3 investigaci\u00f3n por da\u00f1o ambiental tras derrame de concentrado de cobre"},"content":{"rendered":"\n<div class=\"wp-block-image\"><figure class=\"aligncenter size-large\"><img loading=\"lazy\" decoding=\"async\" width=\"640\" height=\"427\" src=\"https:\/\/www.radioamigavallenar.cl\/wp-content\/uploads\/2020\/07\/Rajo-Inca-de-Divisi\u00f3n-Salvador-de-Codelco-Gentileza-Ministerio-de-Miner\u00eda.jpg\" alt=\"\" class=\"wp-image-27123\" srcset=\"https:\/\/www.radioamigavallenar.cl\/wp-content\/uploads\/2020\/07\/Rajo-Inca-de-Divisi\u00f3n-Salvador-de-Codelco-Gentileza-Ministerio-de-Miner\u00eda.jpg 640w, https:\/\/www.radioamigavallenar.cl\/wp-content\/uploads\/2020\/07\/Rajo-Inca-de-Divisi\u00f3n-Salvador-de-Codelco-Gentileza-Ministerio-de-Miner\u00eda-300x200.jpg 300w\" sizes=\"auto, (max-width: 640px) 100vw, 640px\" \/><\/figure><\/div>\n\n\n\n<p><strong>Fiscal Jefe Adjunto de Diego de Almagro, Pedro Pablo Orellana, comunic\u00f3 los hechos materia de la investigaci\u00f3n en contra de tres ex ejecutivos de Codelco Divisi\u00f3n Salvador.<\/strong><\/p>\n\n\n\n<p>Por un delito que podr\u00eda afectar el medioambiente luego del derramamiento de concentrado de cobre al r\u00edo Salado en Diego de Almagro, la Fiscal\u00eda de Atacama concret\u00f3 la ma\u00f1ana de este lunes la formalizaci\u00f3n de la investigaci\u00f3n instancia en que comunic\u00f3 los hechos contenidos en la carpeta de este caso.<\/p>\n\n\n\n<p>La audiencia fue asumida por el fiscal jefe de la mencionada comuna, Pedro Pablo Orellana, quien comunic\u00f3 que la causa se abri\u00f3 luego de una denuncia de la Asociaci\u00f3n Gremial de Pescadores y Buzos Mariscadores de Caleta Palitos, quien en el mes de septiembre del a\u00f1o 2015 puso en conocimiento de las autoridades respectivas, problemas de salud de sus asociados y evidencia de una sustancia no habitual en el mar. Zona costera que se ubica a 10 kil\u00f3metros al norte de Cha\u00f1aral.<\/p>\n\n\n\n<p>A partir de esta denuncia, la Fiscal\u00eda orden\u00f3 diligencias investigativas a personal de la Bidema de la PDI, lo que se sum\u00f3 a fiscalizaciones que realizaron efectivos de la Armada. Con esta labor fue posible determinar que el d\u00eda 22 de septiembre en horas de la ma\u00f1ana se produjo una obstrucci\u00f3n de la tuber\u00eda con la que se realizaba el traslado de concentrado de cobre proveniente de la Planta Concentradora. Ello origin\u00f3 un derrame de cerca de 40 toneladas del mencionado material que ingresaron a las aguas del r\u00edo Salado para posteriormente desembocar en el oc\u00e9ano pac\u00edfico, espec\u00edficamente en la Caleta Palitos. \u201cEste derrame introdujo y propag\u00f3 indebidamente en el mar residuos peligrosos consistentes en organismos, productos, elementos y agentes bacteriol\u00f3gicos y qu\u00edmicos susceptibles de poner en peligro la salud animal y vegetal, adem\u00e1s del abastecimiento de agua\u201d, dijo el fiscal.<\/p>\n\n\n\n<p>Orellana agreg\u00f3, como parte de los antecedentes reunidos, que se estableci\u00f3 que en una parte del mineroducto ubicado entre el sector denominado Caj\u00f3n Cumbre y la Planta de Filtro Cer\u00e1mico, faltaban 60 cent\u00edmetros de tuber\u00eda que fue por donde escurri\u00f3 el material minero por un periodo de tres a cuatro horas.<\/p>\n\n\n\n<p>Por estos hechos, la Fiscal\u00eda Local de Diego de Almagro, luego de la informaci\u00f3n reunida con las diligencias llevadas a cabo, formaliz\u00f3 la investigaci\u00f3n en contra de tres ex ejecutivos de Codelco Divisi\u00f3n Salvador quienes por la responsabilidad de su cargo no manten\u00edan registros ni mecanismo de control de flujo del concentrado de cobre que se desplazaba por las tuber\u00edas, adem\u00e1s de no verificar el estado del mineroducto a fin de detectar posibles filtraciones.<\/p>\n\n\n\n<p>Frente a ello, el fiscal Pedro Pablo Orellana, comunic\u00f3 cargos a los imputados por la calidad de autores del delito de propagaci\u00f3n de productos o elementos peligrosos para la salud animal o vegetal, previsto o sancionado en el art\u00edculo 291 del C\u00f3digo Penal.<\/p>\n\n\n\n<p>Al finalizar la comunicaci\u00f3n el Juez de turno indic\u00f3 que de acuerdo a los antecedentes expuestos existe presunci\u00f3n de la comisi\u00f3n del il\u00edcito, decretando un plazo de 120 d\u00edas para el cierre de esta investigaci\u00f3n.<\/p>\n","protected":false},"excerpt":{"rendered":"<p>Fiscal Jefe Adjunto de Diego de Almagro, Pedro Pablo Orellana, comunic\u00f3 los hechos materia de la investigaci\u00f3n en contra de tres ex ejecutivos de Codelco&hellip; <\/p>\n","protected":false},"author":2,"featured_media":27123,"comment_status":"open","ping_status":"closed","sticky":false,"template":"","format":"standard","meta":{"footnotes":""},"categories":[7,34],"tags":[],"class_list":["post-27122","post","type-post","status-publish","format-standard","has-post-thumbnail","hentry","category-atacama","category-mineria"],"_links":{"self":[{"href":"https:\/\/www.radioamigavallenar.cl\/index.php?rest_route=\/wp\/v2\/posts\/27122","targetHints":{"allow":["GET"]}}],"collection":[{"href":"https:\/\/www.radioamigavallenar.cl\/index.php?rest_route=\/wp\/v2\/posts"}],"about":[{"href":"https:\/\/www.radioamigavallenar.cl\/index.php?rest_route=\/wp\/v2\/types\/post"}],"author":[{"embeddable":true,"href":"https:\/\/www.radioamigavallenar.cl\/index.php?rest_route=\/wp\/v2\/users\/2"}],"replies":[{"embeddable":true,"href":"https:\/\/www.radioamigavallenar.cl\/index.php?rest_route=%2Fwp%2Fv2%2Fcomments&post=27122"}],"version-history":[{"count":0,"href":"https:\/\/www.radioamigavallenar.cl\/index.php?rest_route=\/wp\/v2\/posts\/27122\/revisions"}],"wp:featuredmedia":[{"embeddable":true,"href":"https:\/\/www.radioamigavallenar.cl\/index.php?rest_route=\/wp\/v2\/media\/27123"}],"wp:attachment":[{"href":"https:\/\/www.radioamigavallenar.cl\/index.php?rest_route=%2Fwp%2Fv2%2Fmedia&parent=27122"}],"wp:term":[{"taxonomy":"category","embeddable":true,"href":"https:\/\/www.radioamigavallenar.cl\/index.php?rest_route=%2Fwp%2Fv2%2Fcategories&post=27122"},{"taxonomy":"post_tag","embeddable":true,"href":"https:\/\/www.radioamigavallenar.cl\/index.php?rest_route=%2Fwp%2Fv2%2Ftags&post=27122"}],"curies":[{"name":"wp","href":"https:\/\/api.w.org\/{rel}","templated":true}]}}