{"id":27119,"date":"2020-07-28T07:11:58","date_gmt":"2020-07-28T11:11:58","guid":{"rendered":"https:\/\/www.radioamigavallenar.cl\/?p=27119"},"modified":"2020-07-28T07:12:01","modified_gmt":"2020-07-28T11:12:01","slug":"accidente-minero-deja-a-dos-personas-lesionadas-en-cercanias-de-el-salado","status":"publish","type":"post","link":"https:\/\/www.radioamigavallenar.cl\/?p=27119","title":{"rendered":"Accidente minero deja a dos personas lesionadas en cercan\u00edas de El Salado"},"content":{"rendered":"\n<div class=\"wp-block-image\"><figure class=\"aligncenter size-large\"><img loading=\"lazy\" decoding=\"async\" width=\"850\" height=\"515\" src=\"https:\/\/www.radioamigavallenar.cl\/wp-content\/uploads\/2020\/07\/noticia743_capacitacion-enami-850.jpg\" alt=\"\" class=\"wp-image-27120\" srcset=\"https:\/\/www.radioamigavallenar.cl\/wp-content\/uploads\/2020\/07\/noticia743_capacitacion-enami-850.jpg 850w, https:\/\/www.radioamigavallenar.cl\/wp-content\/uploads\/2020\/07\/noticia743_capacitacion-enami-850-300x182.jpg 300w, https:\/\/www.radioamigavallenar.cl\/wp-content\/uploads\/2020\/07\/noticia743_capacitacion-enami-850-768x465.jpg 768w\" sizes=\"auto, (max-width: 850px) 100vw, 850px\" \/><\/figure><\/div>\n\n\n\n<p>Se registr\u00f3 la tarde de este lunes en mina \u00abLa Hermandad\u00bb, por la ruta C-13.<\/p>\n\n\n\n<p>Antecedentes indican que por motivos que ser\u00e1n materia de la investigaci\u00f3n, mientras los trabajadores de la minera se encontraban en interior del yacimiento ,&nbsp; se produjo desprendimiento de material en la mina \u00abLa Hermandad\u00bb ubicada en la ruta C-13, sector \u00abPortezuelo Blanco\u00bb, en los alrededores de la localidad de El Salado.<\/p>\n\n\n\n<p>A ra\u00edz de esta situaci\u00f3n uno de los mineros habr\u00eda resultado atrapado y el otro lesionado. Bomberos trabaja en el rescate del trabajador .<\/p>\n\n\n\n<p>Luego de realizado los trabajos de rescate para liberar a los accidentados los dos mineros fueron inmovilizados y derivados&nbsp; hacia&nbsp; el centro asistencial m\u00e1s cercano.<\/p>\n\n\n\n<p>Desde carabineros se inform\u00f3 que\u00a0\u00abla r\u00e1pida respuesta del personal de emergencia de la comuna de Cha\u00f1aral y Carabineros, permiti\u00f3 rescatar con vida a los dos trabajadores atrapados en la mina La Hermandad.<\/p>\n\n\n\n<p>El llamado de emergencia de este accidente minero que conmocion\u00f3 a la comuna de Cha\u00f1aral, ocurri\u00f3 alrededor de las 14:40 horas de la tarde de este lunes.&nbsp; Fue Carabineros de la 1\u00aa Comisar\u00eda de Cha\u00f1aral quien acudi\u00f3 a este accidente que involucr\u00f3 a dos trabajadores de la mina \u201cLa Hermandad\u201d, ubicada en la Ruta C-147, Km 2 de la comuna.<\/p>\n\n\n\n<p>De acuerdo a lo informado por el capit\u00e1n Francisco Carroza Reyes, quien estuvo a cargo del procedimiento, por causas desconocidas ocurri\u00f3 un desprendimiento de las paredes del yacimiento minero, dejando a estas dos personas atrapadas y lesionadas.&nbsp; A ra\u00edz de lo anterior personal de Carabineros y de Emergencia, logr\u00f3 alrededor de las 18:00 rescatar con vida a los dos trabajadores mineros, quienes resultaron con m\u00faltiples con lesiones graves, pero sin riesgo vital.\u00bb<\/p>\n","protected":false},"excerpt":{"rendered":"<p>Se registr\u00f3 la tarde de este lunes en mina \u00abLa Hermandad\u00bb, por la ruta C-13. Antecedentes indican que por motivos que ser\u00e1n materia de la&hellip; <\/p>\n","protected":false},"author":2,"featured_media":27120,"comment_status":"open","ping_status":"closed","sticky":false,"template":"","format":"standard","meta":{"footnotes":""},"categories":[7],"tags":[],"class_list":["post-27119","post","type-post","status-publish","format-standard","has-post-thumbnail","hentry","category-atacama"],"_links":{"self":[{"href":"https:\/\/www.radioamigavallenar.cl\/index.php?rest_route=\/wp\/v2\/posts\/27119","targetHints":{"allow":["GET"]}}],"collection":[{"href":"https:\/\/www.radioamigavallenar.cl\/index.php?rest_route=\/wp\/v2\/posts"}],"about":[{"href":"https:\/\/www.radioamigavallenar.cl\/index.php?rest_route=\/wp\/v2\/types\/post"}],"author":[{"embeddable":true,"href":"https:\/\/www.radioamigavallenar.cl\/index.php?rest_route=\/wp\/v2\/users\/2"}],"replies":[{"embeddable":true,"href":"https:\/\/www.radioamigavallenar.cl\/index.php?rest_route=%2Fwp%2Fv2%2Fcomments&post=27119"}],"version-history":[{"count":0,"href":"https:\/\/www.radioamigavallenar.cl\/index.php?rest_route=\/wp\/v2\/posts\/27119\/revisions"}],"wp:featuredmedia":[{"embeddable":true,"href":"https:\/\/www.radioamigavallenar.cl\/index.php?rest_route=\/wp\/v2\/media\/27120"}],"wp:attachment":[{"href":"https:\/\/www.radioamigavallenar.cl\/index.php?rest_route=%2Fwp%2Fv2%2Fmedia&parent=27119"}],"wp:term":[{"taxonomy":"category","embeddable":true,"href":"https:\/\/www.radioamigavallenar.cl\/index.php?rest_route=%2Fwp%2Fv2%2Fcategories&post=27119"},{"taxonomy":"post_tag","embeddable":true,"href":"https:\/\/www.radioamigavallenar.cl\/index.php?rest_route=%2Fwp%2Fv2%2Ftags&post=27119"}],"curies":[{"name":"wp","href":"https:\/\/api.w.org\/{rel}","templated":true}]}}