{"id":27116,"date":"2020-07-28T07:08:21","date_gmt":"2020-07-28T11:08:21","guid":{"rendered":"https:\/\/www.radioamigavallenar.cl\/?p=27116"},"modified":"2020-07-28T07:08:23","modified_gmt":"2020-07-28T11:08:23","slug":"sence-invita-a-participar-en-la-encuesta-de-necesidades-de-capacitacion","status":"publish","type":"post","link":"https:\/\/www.radioamigavallenar.cl\/?p=27116","title":{"rendered":"SENCE invita a participar en la encuesta de necesidades de capacitaci\u00f3n"},"content":{"rendered":"\n<div class=\"wp-block-image\"><figure class=\"aligncenter size-large\"><img loading=\"lazy\" decoding=\"async\" width=\"1024\" height=\"682\" src=\"https:\/\/www.radioamigavallenar.cl\/wp-content\/uploads\/2020\/07\/20-baja-1024x682.jpeg\" alt=\"\" class=\"wp-image-27117\" srcset=\"https:\/\/www.radioamigavallenar.cl\/wp-content\/uploads\/2020\/07\/20-baja-1024x682.jpeg 1024w, https:\/\/www.radioamigavallenar.cl\/wp-content\/uploads\/2020\/07\/20-baja-300x200.jpeg 300w, https:\/\/www.radioamigavallenar.cl\/wp-content\/uploads\/2020\/07\/20-baja-768x512.jpeg 768w, https:\/\/www.radioamigavallenar.cl\/wp-content\/uploads\/2020\/07\/20-baja.jpeg 1280w\" sizes=\"auto, (max-width: 1024px) 100vw, 1024px\" \/><\/figure><\/div>\n\n\n\n<p class=\"has-text-align-center\"><strong>Atenci\u00f3n Micro y Peque\u00f1as Empresas regi\u00f3n de Atacama<\/strong><\/p>\n\n\n\n<p>El Ministerio de Econom\u00eda y el Servicio Nacional de Capacitaci\u00f3n y Empleo (SENCE) invita a Micro y Peque\u00f1as Empresas de regi\u00f3n de Atacama a contestar la encuesta sobre necesidades de capacitaci\u00f3n de micro y peque\u00f1as empresas, la cual tiene como objetivo identificar las necesidades de capacitaci\u00f3n de \u00e9stas. La informaci\u00f3n es de gran relevancia, ya que ser\u00e1 utilizada para dise\u00f1ar una oferta de cursos de capacitaci\u00f3n que responda espec\u00edficamente a las necesidades que aqu\u00ed aparezcan, contribuyendo a mejorar su productividad y desempe\u00f1o.<\/p>\n\n\n\n<p>V\u00edctor Nieto Rojas, Director de SENCE Atacama destac\u00f3 la importancia de dicha encuesta \u201cLas micro y peque\u00f1as empresas son importantes agentes econ\u00f3micos y motores del desarrollo del pa\u00eds y por supuesto tambi\u00e9n de nuestra regi\u00f3n. Gracias a esta encuesta, podremos contar con la opini\u00f3n de los due\u00f1os, socios y trabajadores de las diferentes empresas y as\u00ed conocer mejor sus problem\u00e1ticas sobre brechas de capacitaci\u00f3n para que puedan avanzar a paso firme en los desaf\u00edos que nos presenta esta pandemia\u201d.<\/p>\n\n\n\n<p>La encuesta puede ser contestada hasta el 31de julio en el siguiente link: https:\/\/forms.gle\/eJjFdQh7V3fTnBFEA<\/p>\n","protected":false},"excerpt":{"rendered":"<p>Atenci\u00f3n Micro y Peque\u00f1as Empresas regi\u00f3n de Atacama El Ministerio de Econom\u00eda y el Servicio Nacional de Capacitaci\u00f3n y Empleo (SENCE) invita a Micro y&hellip; <\/p>\n","protected":false},"author":2,"featured_media":27117,"comment_status":"open","ping_status":"closed","sticky":false,"template":"","format":"standard","meta":{"footnotes":""},"categories":[7],"tags":[],"class_list":["post-27116","post","type-post","status-publish","format-standard","has-post-thumbnail","hentry","category-atacama"],"_links":{"self":[{"href":"https:\/\/www.radioamigavallenar.cl\/index.php?rest_route=\/wp\/v2\/posts\/27116","targetHints":{"allow":["GET"]}}],"collection":[{"href":"https:\/\/www.radioamigavallenar.cl\/index.php?rest_route=\/wp\/v2\/posts"}],"about":[{"href":"https:\/\/www.radioamigavallenar.cl\/index.php?rest_route=\/wp\/v2\/types\/post"}],"author":[{"embeddable":true,"href":"https:\/\/www.radioamigavallenar.cl\/index.php?rest_route=\/wp\/v2\/users\/2"}],"replies":[{"embeddable":true,"href":"https:\/\/www.radioamigavallenar.cl\/index.php?rest_route=%2Fwp%2Fv2%2Fcomments&post=27116"}],"version-history":[{"count":0,"href":"https:\/\/www.radioamigavallenar.cl\/index.php?rest_route=\/wp\/v2\/posts\/27116\/revisions"}],"wp:featuredmedia":[{"embeddable":true,"href":"https:\/\/www.radioamigavallenar.cl\/index.php?rest_route=\/wp\/v2\/media\/27117"}],"wp:attachment":[{"href":"https:\/\/www.radioamigavallenar.cl\/index.php?rest_route=%2Fwp%2Fv2%2Fmedia&parent=27116"}],"wp:term":[{"taxonomy":"category","embeddable":true,"href":"https:\/\/www.radioamigavallenar.cl\/index.php?rest_route=%2Fwp%2Fv2%2Fcategories&post=27116"},{"taxonomy":"post_tag","embeddable":true,"href":"https:\/\/www.radioamigavallenar.cl\/index.php?rest_route=%2Fwp%2Fv2%2Ftags&post=27116"}],"curies":[{"name":"wp","href":"https:\/\/api.w.org\/{rel}","templated":true}]}}