{"id":27112,"date":"2020-07-27T12:24:57","date_gmt":"2020-07-27T16:24:57","guid":{"rendered":"https:\/\/www.radioamigavallenar.cl\/?p=27112"},"modified":"2020-07-27T12:24:58","modified_gmt":"2020-07-27T16:24:58","slug":"gobierno-anuncia-cuarentena-para-la-serena-coquimbo-y-puerto-montt-a-contar-de-este-miercoles","status":"publish","type":"post","link":"https:\/\/www.radioamigavallenar.cl\/?p=27112","title":{"rendered":"Gobierno anuncia cuarentena para La Serena, Coquimbo y Puerto Montt a contar de este mi\u00e9rcoles"},"content":{"rendered":"\n<div class=\"wp-block-image\"><figure class=\"aligncenter size-large\"><img loading=\"lazy\" decoding=\"async\" width=\"740\" height=\"430\" src=\"https:\/\/www.radioamigavallenar.cl\/wp-content\/uploads\/2020\/07\/serena.jpg\" alt=\"\" class=\"wp-image-27113\" srcset=\"https:\/\/www.radioamigavallenar.cl\/wp-content\/uploads\/2020\/07\/serena.jpg 740w, https:\/\/www.radioamigavallenar.cl\/wp-content\/uploads\/2020\/07\/serena-300x174.jpg 300w\" sizes=\"auto, (max-width: 740px) 100vw, 740px\" \/><\/figure><\/div>\n\n\n\n<p>Con el anuncio ingresar\u00e1n a confinamiento m\u00e1s de 775 mil personas pertenecientes a las tres comunas. La subsecretaria de Salud P\u00fablica, Paula Daza, calific\u00f3 la situaci\u00f3n en dichos municipios como \u00abcr\u00edtica\u00bb.<\/p>\n\n\n\n<p>La ma\u00f1ana de este lunes, las autoridades del Ministerio de Salud realizaron un nuevo balance diario respecto del avance de la pandemia de Covid-19 que actualmente est\u00e1 afectando al pa\u00eds.<\/p>\n\n\n\n<p>Durante la vocer\u00eda, anunciaron modificaciones a las medidas restrictivas para comunas que presenten una alta cantidad de nuevos contagios. De esa manera, se determin\u00f3 que las comunas de Coquimbo, La Serena y Puerto Montt entrar\u00e1n en cuarentena a partir del mi\u00e9rcoles 29 de julio a las 22.00 horas.<\/p>\n\n\n\n<p>De acuerdo a lo se\u00f1alado por la subsecretaria de Salud P\u00fablica, Paula Daza, \u201cas\u00ed como hemos visto que comunas han ido evolucionando positivamente, han disminuido el n\u00famero de casos y estamos avanzando en este Paso a Paso, tenemos otras comunas que vemos con una situaci\u00f3n cr\u00edtica\u201d.<\/p>\n\n\n\n<p>\u201cEn los pr\u00f3ximos d\u00edas van a entrar en cuarentena, que requiere un esfuerzo importante para poder evitar que las personas salgan y no circulen para disminuir la propagaci\u00f3n del virus y que esta cuarentena pueda durar lo menos posible. Esperamos que los n\u00fameros, en los pr\u00f3ximos d\u00edas, veamos que hay una disminuci\u00f3n y un efecto de esta cuarentena\u201d, afirm\u00f3 Daza.<\/p>\n","protected":false},"excerpt":{"rendered":"<p>Con el anuncio ingresar\u00e1n a confinamiento m\u00e1s de 775 mil personas pertenecientes a las tres comunas. La subsecretaria de Salud P\u00fablica, Paula Daza, calific\u00f3 la&hellip; <\/p>\n","protected":false},"author":2,"featured_media":27113,"comment_status":"open","ping_status":"closed","sticky":false,"template":"","format":"standard","meta":{"footnotes":""},"categories":[37],"tags":[],"class_list":["post-27112","post","type-post","status-publish","format-standard","has-post-thumbnail","hentry","category-nacional"],"_links":{"self":[{"href":"https:\/\/www.radioamigavallenar.cl\/index.php?rest_route=\/wp\/v2\/posts\/27112","targetHints":{"allow":["GET"]}}],"collection":[{"href":"https:\/\/www.radioamigavallenar.cl\/index.php?rest_route=\/wp\/v2\/posts"}],"about":[{"href":"https:\/\/www.radioamigavallenar.cl\/index.php?rest_route=\/wp\/v2\/types\/post"}],"author":[{"embeddable":true,"href":"https:\/\/www.radioamigavallenar.cl\/index.php?rest_route=\/wp\/v2\/users\/2"}],"replies":[{"embeddable":true,"href":"https:\/\/www.radioamigavallenar.cl\/index.php?rest_route=%2Fwp%2Fv2%2Fcomments&post=27112"}],"version-history":[{"count":0,"href":"https:\/\/www.radioamigavallenar.cl\/index.php?rest_route=\/wp\/v2\/posts\/27112\/revisions"}],"wp:featuredmedia":[{"embeddable":true,"href":"https:\/\/www.radioamigavallenar.cl\/index.php?rest_route=\/wp\/v2\/media\/27113"}],"wp:attachment":[{"href":"https:\/\/www.radioamigavallenar.cl\/index.php?rest_route=%2Fwp%2Fv2%2Fmedia&parent=27112"}],"wp:term":[{"taxonomy":"category","embeddable":true,"href":"https:\/\/www.radioamigavallenar.cl\/index.php?rest_route=%2Fwp%2Fv2%2Fcategories&post=27112"},{"taxonomy":"post_tag","embeddable":true,"href":"https:\/\/www.radioamigavallenar.cl\/index.php?rest_route=%2Fwp%2Fv2%2Ftags&post=27112"}],"curies":[{"name":"wp","href":"https:\/\/api.w.org\/{rel}","templated":true}]}}