{"id":27108,"date":"2020-07-27T11:51:47","date_gmt":"2020-07-27T15:51:47","guid":{"rendered":"https:\/\/www.radioamigavallenar.cl\/?p=27108"},"modified":"2020-07-27T11:51:48","modified_gmt":"2020-07-27T15:51:48","slug":"controlaria-tomo-razon-de-oficio-y-ley-de-retiro-del-10-queda-lista-para-entrar-en-vigencia","status":"publish","type":"post","link":"https:\/\/www.radioamigavallenar.cl\/?p=27108","title":{"rendered":"Controlar\u00eda tom\u00f3 raz\u00f3n de oficio y ley de retiro del 10% queda lista para entrar en vigencia"},"content":{"rendered":"\n<div class=\"wp-block-image\"><figure class=\"aligncenter size-large\"><img loading=\"lazy\" decoding=\"async\" width=\"900\" height=\"806\" src=\"https:\/\/www.radioamigavallenar.cl\/wp-content\/uploads\/2020\/07\/Ed8KgPjWAAMo-wP.png\" alt=\"\" class=\"wp-image-27110\" srcset=\"https:\/\/www.radioamigavallenar.cl\/wp-content\/uploads\/2020\/07\/Ed8KgPjWAAMo-wP.png 900w, https:\/\/www.radioamigavallenar.cl\/wp-content\/uploads\/2020\/07\/Ed8KgPjWAAMo-wP-300x269.png 300w, https:\/\/www.radioamigavallenar.cl\/wp-content\/uploads\/2020\/07\/Ed8KgPjWAAMo-wP-768x688.png 768w\" sizes=\"auto, (max-width: 900px) 100vw, 900px\" \/><\/figure><\/div>\n\n\n\n<p>La ley que permite retirar el 10% de los fondos de pensiones que administran las AFP qued\u00f3 lista para ser publicada en el diario oficial y entrar en vigencia, en un proceso que iniciar\u00e1 este jueves.<\/p>\n\n\n\n<p>El contralor Jorge Berm\u00fadez tom\u00f3 raz\u00f3n del oficio que ingres\u00f3 esta ma\u00f1ana el Gobierno, enviando la ley a la Segpres, para su publicaci\u00f3n en el diario oficial.<\/p>\n\n\n\n<p>Cabe recordar, que\u00a0el Gobierno inform\u00f3 que a partir de este jueves 30 de julio, se podr\u00e1 iniciar el procedimiento para retirar el 10% de los fondos de pensi\u00f3n que administran las AFP.<\/p>\n\n\n\n<p>De acuerdo a la ley, se podr\u00e1 retirar un monto m\u00e1ximo de 150 unidades de fomento ($4.300.000) y un m\u00ednimo de 35 UF ($1.000.000). En caso que el afiliado tenga menos de 35 UF, podr\u00e1 retirar la totalidad de los fondos, precis\u00f3 la Superintendencia de Pensiones.<\/p>\n\n\n\n<p>\u201cEl 50% se retirar\u00e1 en un m\u00e1ximo de 10 d\u00edas h\u00e1biles desde la fecha de la presentaci\u00f3n de la solicitud ante la AFP, y el 50% restante en un m\u00e1ximo de 30 d\u00edas h\u00e1biles desde la fecha de pago del primer retiro. Cada pago tendr\u00e1 un l\u00edmite de 75 UF\u201d, inform\u00f3 la Superintendencia.<\/p>\n","protected":false},"excerpt":{"rendered":"<p>La ley que permite retirar el 10% de los fondos de pensiones que administran las AFP qued\u00f3 lista para ser publicada en el diario oficial&hellip; <\/p>\n","protected":false},"author":2,"featured_media":27110,"comment_status":"open","ping_status":"closed","sticky":false,"template":"","format":"standard","meta":{"footnotes":""},"categories":[37],"tags":[],"class_list":["post-27108","post","type-post","status-publish","format-standard","has-post-thumbnail","hentry","category-nacional"],"_links":{"self":[{"href":"https:\/\/www.radioamigavallenar.cl\/index.php?rest_route=\/wp\/v2\/posts\/27108","targetHints":{"allow":["GET"]}}],"collection":[{"href":"https:\/\/www.radioamigavallenar.cl\/index.php?rest_route=\/wp\/v2\/posts"}],"about":[{"href":"https:\/\/www.radioamigavallenar.cl\/index.php?rest_route=\/wp\/v2\/types\/post"}],"author":[{"embeddable":true,"href":"https:\/\/www.radioamigavallenar.cl\/index.php?rest_route=\/wp\/v2\/users\/2"}],"replies":[{"embeddable":true,"href":"https:\/\/www.radioamigavallenar.cl\/index.php?rest_route=%2Fwp%2Fv2%2Fcomments&post=27108"}],"version-history":[{"count":0,"href":"https:\/\/www.radioamigavallenar.cl\/index.php?rest_route=\/wp\/v2\/posts\/27108\/revisions"}],"wp:featuredmedia":[{"embeddable":true,"href":"https:\/\/www.radioamigavallenar.cl\/index.php?rest_route=\/wp\/v2\/media\/27110"}],"wp:attachment":[{"href":"https:\/\/www.radioamigavallenar.cl\/index.php?rest_route=%2Fwp%2Fv2%2Fmedia&parent=27108"}],"wp:term":[{"taxonomy":"category","embeddable":true,"href":"https:\/\/www.radioamigavallenar.cl\/index.php?rest_route=%2Fwp%2Fv2%2Fcategories&post=27108"},{"taxonomy":"post_tag","embeddable":true,"href":"https:\/\/www.radioamigavallenar.cl\/index.php?rest_route=%2Fwp%2Fv2%2Ftags&post=27108"}],"curies":[{"name":"wp","href":"https:\/\/api.w.org\/{rel}","templated":true}]}}