{"id":27102,"date":"2020-07-27T11:41:06","date_gmt":"2020-07-27T15:41:06","guid":{"rendered":"https:\/\/www.radioamigavallenar.cl\/?p=27102"},"modified":"2020-07-27T11:41:08","modified_gmt":"2020-07-27T15:41:08","slug":"feria-virtual-cyber-fosis-ayudara-a-pequenos-emprendedores-de-atacama-2","status":"publish","type":"post","link":"https:\/\/www.radioamigavallenar.cl\/?p=27102","title":{"rendered":"Feria virtual \u201cCyber FOSIS\u201d ayudar\u00e1 a peque\u00f1os emprendedores de Atacama"},"content":{"rendered":"\n<div class=\"wp-block-image\"><figure class=\"aligncenter size-large\"><img loading=\"lazy\" decoding=\"async\" width=\"750\" height=\"400\" src=\"https:\/\/www.radioamigavallenar.cl\/wp-content\/uploads\/2020\/07\/cyber-fosis.jpg\" alt=\"\" class=\"wp-image-27103\" srcset=\"https:\/\/www.radioamigavallenar.cl\/wp-content\/uploads\/2020\/07\/cyber-fosis.jpg 750w, https:\/\/www.radioamigavallenar.cl\/wp-content\/uploads\/2020\/07\/cyber-fosis-300x160.jpg 300w\" sizes=\"auto, (max-width: 750px) 100vw, 750px\" \/><\/figure><\/div>\n\n\n\n<p><strong>Este espacio ofrecer\u00e1 una vitrina a trav\u00e9s de&nbsp;<a href=\"http:\/\/www.cyberfosis.cl\/\">cyberfosis.cl<\/a>, donde se presentar\u00e1n productos con promociones y descuentos de entre 10 y 20%.<\/strong><\/p>\n\n\n\n<p>A partir del 24 de julio hasta el 10 de agosto del presente a\u00f1o, operar\u00e1 en el territorio regional la feria virtual \u201cCyber FOSIS\u201d. Una vitrina de emprendimiento virtual en la que participar\u00e1n emprendedores y emprendedoras que han participado en programas de emprendimiento del Fondo de Solidaridad e Inversi\u00f3n Social (FOSIS).<\/p>\n\n\n\n<p>Ser\u00e1n m\u00e1s de 450 emprendedores a lo largo del pa\u00eds, de los cuales 25 son de la Regi\u00f3n de Atacama, los que ofrecer\u00e1n sus productos mediante la p\u00e1gina web&nbsp;<a href=\"http:\/\/www.cyberfosis.cl\/\">www.cyberfosis.cl<\/a>, presentando 8 rubros: accesorios y regalos, artesan\u00eda, belleza, comida, hogar, mundo infantil, servicios y vestuario y calzado.<\/p>\n\n\n\n<p>Para dar a conocer el alcance y el impacto de la iniciativa en Atacama, el seremi de Desarrollo Social y Familia, Luis Morales Vergara, y la directora regional de FOSIS, Mar\u00eda Teresa Ca\u00f1as, visitaron a la emprendedora Evelyn Meza de la ciudad de Copiap\u00f3, que se dedica a la artesan\u00eda y que ha tenido destacadas participaciones en el Programa Yo Emprendo y en Expo Fosis.<\/p>\n\n\n\n<p>\u201cYo hago artesan\u00eda hecha en lana de oveja con materiales primos, nobles de la regi\u00f3n. Esto lo hago con distintas t\u00e9cnicas. T\u00fa puedes mostrar la versatilidad que tiene la lana, ya que puedes hacer collares, llaveros, cuadros, fotograf\u00edas, etc.\u201d, especific\u00f3 la emprendedora copiapina.<\/p>\n\n\n\n<p>Por otra parte, Evelyn Meza, tambi\u00e9n se\u00f1al\u00f3 sentirse agradecida por esta oportunidad digital. \u201cMe parece super bien que podamos mostrar nuestros productos a lo largo de Chile, que la gente nos conozca y nos reconozca como cultura. As\u00ed que, me parece super\u201d.<\/p>\n\n\n\n<p>El seremi de Desarrollo Social y Familia, Luis Morales sostuvo que \u201chacemos un llamado a todos los amantes de las plantas y los que crean en el medio ambiente, que utilicen este sistema, el cual lo pueden encontrar en \u201cCyber FOSIS\u201d, que a partir de este viernes estar\u00e1 operando en todo Chile. Evelyn es un ejemplo que buscamos en el Gobierno del Presidente Pi\u00f1era, que es que el emprendimiento pueda renovarse, pueda innovar y pueda tener una nueva etapa en la era digital\u201d.<\/p>\n\n\n\n<p>En tanto, la directora de FOSIS, Mar\u00eda Teresa Ca\u00f1as dio a conocer los objetivos de esta feria virtual. \u201cNuestras usuarias tambi\u00e9n se reinventaron y hoy salen en una vitrina digital al pa\u00eds completo. Por lo tanto, desde Atacama puede llegar los productos a cualquier parte de Chile. Y, si es de dentro de la regi\u00f3n, les aseguramos que va a llegar al domicilio. Por eso, la idea del \u201cCyber FOSIS\u201d es reinventarse y aprovechar la venta online en este tiempo de pandemia para llegar a un mejor mercado\u201d.<\/p>\n\n\n\n<p>Dentro de los productos que se ofrecer\u00e1n en la p\u00e1gina&nbsp;<a href=\"http:\/\/www.cyberfosis.cl\/\">www.cyberfosis.cl<\/a>, habr\u00e1 promociones y descuentos de entre 10 y 20%. En paralelo, se estar\u00e1 ofreciendo charlas de capacitaci\u00f3n en temas de venta digital, en alianza con BancoEstado Empresas en el Facebook del FOSIS, en formato Facebook Live. Estas charlas ser\u00e1n:<\/p>\n\n\n\n<figure class=\"wp-block-table aligncenter\"><table><tbody><tr><td><strong>Tema<\/strong><\/td><td><strong>D\u00eda<\/strong><\/td><\/tr><tr><td>Ventas Online para emprender<\/td><td>21 de julio, 10:00 hrs.<\/td><\/tr><tr><td>Mejores Redes Sociales para tu negocio<\/td><td>23 de julio, 10:00 hrs.<\/td><\/tr><tr><td>\u00bfC\u00f3mo vender m\u00e1s con Instagram?<\/td><td>28 de julio, 10:00 hrs.<\/td><\/tr><tr><td>Herramientas digitales para las y los emprendedores<\/td><td>30 de julio, 10:00 hrs.<\/td><\/tr><tr><td>E-commerce para emprendedores<\/td><td>4 de agosto, 10:00 hrs.<\/td><\/tr><tr><td>Mercado Pyme el paso a paso para publicar tu emprendimiento<\/td><td>6 de agosto, 10:00 hrs.<\/td><\/tr><\/tbody><\/table><\/figure>\n","protected":false},"excerpt":{"rendered":"<p>Este espacio ofrecer\u00e1 una vitrina a trav\u00e9s de&nbsp;cyberfosis.cl, donde se presentar\u00e1n productos con promociones y descuentos de entre 10 y 20%. A partir del 24&hellip; <\/p>\n","protected":false},"author":2,"featured_media":27103,"comment_status":"open","ping_status":"closed","sticky":false,"template":"","format":"standard","meta":{"footnotes":""},"categories":[7,1],"tags":[],"class_list":["post-27102","post","type-post","status-publish","format-standard","has-post-thumbnail","hentry","category-atacama","category-provincia-del-huasco-2"],"_links":{"self":[{"href":"https:\/\/www.radioamigavallenar.cl\/index.php?rest_route=\/wp\/v2\/posts\/27102","targetHints":{"allow":["GET"]}}],"collection":[{"href":"https:\/\/www.radioamigavallenar.cl\/index.php?rest_route=\/wp\/v2\/posts"}],"about":[{"href":"https:\/\/www.radioamigavallenar.cl\/index.php?rest_route=\/wp\/v2\/types\/post"}],"author":[{"embeddable":true,"href":"https:\/\/www.radioamigavallenar.cl\/index.php?rest_route=\/wp\/v2\/users\/2"}],"replies":[{"embeddable":true,"href":"https:\/\/www.radioamigavallenar.cl\/index.php?rest_route=%2Fwp%2Fv2%2Fcomments&post=27102"}],"version-history":[{"count":0,"href":"https:\/\/www.radioamigavallenar.cl\/index.php?rest_route=\/wp\/v2\/posts\/27102\/revisions"}],"wp:featuredmedia":[{"embeddable":true,"href":"https:\/\/www.radioamigavallenar.cl\/index.php?rest_route=\/wp\/v2\/media\/27103"}],"wp:attachment":[{"href":"https:\/\/www.radioamigavallenar.cl\/index.php?rest_route=%2Fwp%2Fv2%2Fmedia&parent=27102"}],"wp:term":[{"taxonomy":"category","embeddable":true,"href":"https:\/\/www.radioamigavallenar.cl\/index.php?rest_route=%2Fwp%2Fv2%2Fcategories&post=27102"},{"taxonomy":"post_tag","embeddable":true,"href":"https:\/\/www.radioamigavallenar.cl\/index.php?rest_route=%2Fwp%2Fv2%2Ftags&post=27102"}],"curies":[{"name":"wp","href":"https:\/\/api.w.org\/{rel}","templated":true}]}}