{"id":27099,"date":"2020-07-27T11:39:06","date_gmt":"2020-07-27T15:39:06","guid":{"rendered":"https:\/\/www.radioamigavallenar.cl\/?p=27099"},"modified":"2020-07-27T11:39:08","modified_gmt":"2020-07-27T15:39:08","slug":"invitan-a-participar-de-curso-gratuito-de-induccion-a-la-mineria-modalidad-e-learning","status":"publish","type":"post","link":"https:\/\/www.radioamigavallenar.cl\/?p=27099","title":{"rendered":"Invitan a participar de curso gratuito de Inducci\u00f3n a la Miner\u00eda modalidad E-Learning"},"content":{"rendered":"\n<div class=\"wp-block-image\"><figure class=\"aligncenter size-large\"><img loading=\"lazy\" decoding=\"async\" width=\"750\" height=\"400\" src=\"https:\/\/www.radioamigavallenar.cl\/wp-content\/uploads\/2020\/07\/Invitan-a-participar-de-curso-gratuito-de-Induccion-a-la-Mineria-modalidad-E-Learning.jpg\" alt=\"\" class=\"wp-image-27100\" srcset=\"https:\/\/www.radioamigavallenar.cl\/wp-content\/uploads\/2020\/07\/Invitan-a-participar-de-curso-gratuito-de-Induccion-a-la-Mineria-modalidad-E-Learning.jpg 750w, https:\/\/www.radioamigavallenar.cl\/wp-content\/uploads\/2020\/07\/Invitan-a-participar-de-curso-gratuito-de-Induccion-a-la-Mineria-modalidad-E-Learning-300x160.jpg 300w\" sizes=\"auto, (max-width: 750px) 100vw, 750px\" \/><\/figure><\/div>\n\n\n\n<p><strong>Debido al \u00e9xito del piloto del primer&nbsp;curso de Inducci\u00f3n a la Miner\u00eda Modalidad E-Learning,&nbsp;que se desarroll\u00f3 en el mes de julio, el equipo de la ONG Dejando Huellas y el Centro Entrenamiento Minero \u2013CEM-Strenuus, est\u00e1n lanzando un segundo curso con las mismas caracter\u00edsticas para un total de 100 personas, hombres y mujeres (sin l\u00edmite de edad) y estudiantes de cuartos medios.<\/strong><\/p>\n\n\n\n<p>\u201cComo equipo queremos aportar en tiempos de pandemia a mejorar y nivelar las competencias de empleabilidad de todas las personas que quieren trabajar en la industria minera, para que as\u00ed mejoren sus competencias alineadas a una formaci\u00f3n con est\u00e1ndares requeridos del sector minero, para que sean m\u00e1s seguros, productivos y competentes\u201d, coment\u00f3 Alex Saavedra Neira, presidente de ONG Dejando Huellas.<\/p>\n\n\n\n<p>Quien agreg\u00f3 que \u201cse trata de una capacitaci\u00f3n gratuita en Inducci\u00f3n a la Miner\u00eda, pueden acceder desde su casa con nuestra modalidad E-Learning, y est\u00e1 dise\u00f1ado en base a los m\u00f3dulos propuestos por el modelo del Nivel 1 del Marco de Cualificaciones Mineras del Consejo de Competencias Mineras CCM\u201d.<\/p>\n\n\n\n<p>Inducci\u00f3n a la miner\u00eda, comunicarse efectivamente en el lugar del trabajo, trabajar con seguridad, trabajar colaborativamente con los miembros del equipo y actuar con compromiso y responsabilidad, son los m\u00f3dulos del curso que inicia las clases en l\u00ednea el pr\u00f3ximo 24 de agosto y se extender\u00e1 hasta el 07 de septiembre 2020.<\/p>\n\n\n\n<p>\u201cNuestro aporte como&nbsp;ONG Dejando Huellas&nbsp;y CEM Strenuus, es iniciar a las\/os participantes en el conocimiento de la miner\u00eda, darles la opci\u00f3n para descubrir nuevas oportunidades de empleabilidad, orientarlas\/os en su vocaci\u00f3n, darle a conocer los perfiles ocupacionales que requiere la industria minera y TIPS para enfrentar una correcta entrevista Laboral\u201d, asever\u00f3 el presidente de la ONG.<\/p>\n\n\n\n<p class=\"has-text-align-center\"><strong>Metodolog\u00eda y Certificaci\u00f3n<\/strong><\/p>\n\n\n\n<p>El curso es 100% online y utiliza metodolog\u00eda basada en el constructivismo, en donde el alumno es el actor principal de su propio aprendizaje. \u201cEsta iniciativa va en l\u00ednea con lo planteado por la \u201cComisi\u00f3n de Productividad y Consejo Minero\u201d que han establecidos pol\u00edticas para mejorar los distintos est\u00e1ndares de competencias de los trabajadores\/as actuales y futuros de la gran miner\u00eda\u201d, agreg\u00f3 Alex.<\/p>\n\n\n\n<p>Los alumnos que cumplan las exigencias del programa recibir\u00e1n un certificado de aprobaci\u00f3n otorgado por el Centro Entrenamiento Minero Strenuus, con un total de 64 horas basados en el Nivel 1 del Marco Cualificaciones Mineras del CCM consejo minero.<\/p>\n\n\n\n<p>Quienes quieran inscribirse deben hacerlo en el siguiente link&nbsp;<a href=\"https:\/\/otecstrenuus.cl\/postulacion-al-curso-induccion-a-la-mineria-agosto-2020\/\">https:\/\/otecstrenuus.cl\/postulacion-al-curso-induccion-a-la-mineria-agosto-2020\/<\/a>&nbsp;o para mayor informaci\u00f3n pueden comunicarse al correo&nbsp;<a href=\"mailto:strenuus.otec@gmail.com\">strenuus.otec@gmail.com<\/a>&nbsp;o al fono +56 9 7336 0140.<\/p>\n","protected":false},"excerpt":{"rendered":"<p>Debido al \u00e9xito del piloto del primer&nbsp;curso de Inducci\u00f3n a la Miner\u00eda Modalidad E-Learning,&nbsp;que se desarroll\u00f3 en el mes de julio, el equipo de la&hellip; <\/p>\n","protected":false},"author":2,"featured_media":27100,"comment_status":"open","ping_status":"closed","sticky":false,"template":"","format":"standard","meta":{"footnotes":""},"categories":[34],"tags":[],"class_list":["post-27099","post","type-post","status-publish","format-standard","has-post-thumbnail","hentry","category-mineria"],"_links":{"self":[{"href":"https:\/\/www.radioamigavallenar.cl\/index.php?rest_route=\/wp\/v2\/posts\/27099","targetHints":{"allow":["GET"]}}],"collection":[{"href":"https:\/\/www.radioamigavallenar.cl\/index.php?rest_route=\/wp\/v2\/posts"}],"about":[{"href":"https:\/\/www.radioamigavallenar.cl\/index.php?rest_route=\/wp\/v2\/types\/post"}],"author":[{"embeddable":true,"href":"https:\/\/www.radioamigavallenar.cl\/index.php?rest_route=\/wp\/v2\/users\/2"}],"replies":[{"embeddable":true,"href":"https:\/\/www.radioamigavallenar.cl\/index.php?rest_route=%2Fwp%2Fv2%2Fcomments&post=27099"}],"version-history":[{"count":0,"href":"https:\/\/www.radioamigavallenar.cl\/index.php?rest_route=\/wp\/v2\/posts\/27099\/revisions"}],"wp:featuredmedia":[{"embeddable":true,"href":"https:\/\/www.radioamigavallenar.cl\/index.php?rest_route=\/wp\/v2\/media\/27100"}],"wp:attachment":[{"href":"https:\/\/www.radioamigavallenar.cl\/index.php?rest_route=%2Fwp%2Fv2%2Fmedia&parent=27099"}],"wp:term":[{"taxonomy":"category","embeddable":true,"href":"https:\/\/www.radioamigavallenar.cl\/index.php?rest_route=%2Fwp%2Fv2%2Fcategories&post=27099"},{"taxonomy":"post_tag","embeddable":true,"href":"https:\/\/www.radioamigavallenar.cl\/index.php?rest_route=%2Fwp%2Fv2%2Ftags&post=27099"}],"curies":[{"name":"wp","href":"https:\/\/api.w.org\/{rel}","templated":true}]}}