{"id":27096,"date":"2020-07-27T11:36:03","date_gmt":"2020-07-27T15:36:03","guid":{"rendered":"https:\/\/www.radioamigavallenar.cl\/?p=27096"},"modified":"2020-07-27T11:36:04","modified_gmt":"2020-07-27T15:36:04","slug":"enami-emitio-declaracion-publica-por-reformulacion-de-cargos-hecha-por-la-sma","status":"publish","type":"post","link":"https:\/\/www.radioamigavallenar.cl\/?p=27096","title":{"rendered":"Enami emiti\u00f3 declaraci\u00f3n p\u00fablica por reformulaci\u00f3n de cargos hecha por la SMA"},"content":{"rendered":"\n<div class=\"wp-block-image\"><figure class=\"aligncenter size-large\"><img loading=\"lazy\" decoding=\"async\" width=\"768\" height=\"411\" src=\"https:\/\/www.radioamigavallenar.cl\/wp-content\/uploads\/2020\/07\/Fundici\u00f3n-Paipote-768x411-2.jpg\" alt=\"\" class=\"wp-image-27097\" srcset=\"https:\/\/www.radioamigavallenar.cl\/wp-content\/uploads\/2020\/07\/Fundici\u00f3n-Paipote-768x411-2.jpg 768w, https:\/\/www.radioamigavallenar.cl\/wp-content\/uploads\/2020\/07\/Fundici\u00f3n-Paipote-768x411-2-300x161.jpg 300w\" sizes=\"auto, (max-width: 768px) 100vw, 768px\" \/><\/figure><\/div>\n\n\n\n<p>La estatal informa que la resoluci\u00f3n del organismo fiscalizador ser\u00e1 analizada internamente, con el objeto de presentar descargos o proponer un plan de cumplimiento operacional.<\/p>\n\n\n\n<p>Recientemente la\u00a0Superintendencia del Medio Ambiente (SMA), reformul\u00f3 cargos contra de Enami, respecto de la Unidad Fiscalizable Fundici\u00f3n Hern\u00e1n Videla Lira (FHVL), ubicada en la localidad de Paipote, por no ajustarse al Plan de Acci\u00f3n Operacional, \u201cregistr\u00e1ndose reiteradas alzas de concentraciones de Di\u00f3xido de Azufre (SO2) en las estaciones de monitoreo de Enami, Tierra Amarilla y Paipote\u201d.<\/p>\n\n\n\n<p class=\"has-text-align-center\"><strong>Enami\u00a0formul\u00f3 la siguiente declaraci\u00f3n publica:<\/strong><\/p>\n\n\n\n<p>Respecto de la reciente notificaci\u00f3n de la Superintendencia de Medio Ambiente de Atacama sobre la reformulaci\u00f3n de cargos contra ENAMI por los\u00a0supuestos incumplimientos a la Norma de Emisi\u00f3n para Fundiciones de Cobre y Fuentes Emisoras de Ars\u00e9nico en la operaci\u00f3n de la fundici\u00f3n Hern\u00e1n Videla Lira, ubicada en Paipote, la Empresa Nacional de Miner\u00eda informa que la resoluci\u00f3n del organismo fiscalizador\u00a0ser\u00e1 analizada internamente, con el objeto de presentar descargos o proponer un plan de cumplimiento operacional, en los t\u00e9rminos y bajo las condiciones que establece la normativa ambiental.<\/p>\n\n\n\n<p>Conforme con nuestro compromiso de consolidar una operaci\u00f3n sustentable en Atacama, aclaramos que cualquier camino que decidamos tomar tendr\u00e1 como foco el cumplimiento irrestricto de las normativas medioambientales vigentes, de modo transparente y en concordancia con el desarrollo sustentable de nuestras comunidades vecinas.<\/p>\n","protected":false},"excerpt":{"rendered":"<p>La estatal informa que la resoluci\u00f3n del organismo fiscalizador ser\u00e1 analizada internamente, con el objeto de presentar descargos o proponer un plan de cumplimiento operacional.&hellip; <\/p>\n","protected":false},"author":2,"featured_media":27097,"comment_status":"open","ping_status":"closed","sticky":false,"template":"","format":"standard","meta":{"footnotes":""},"categories":[7,34],"tags":[],"class_list":["post-27096","post","type-post","status-publish","format-standard","has-post-thumbnail","hentry","category-atacama","category-mineria"],"_links":{"self":[{"href":"https:\/\/www.radioamigavallenar.cl\/index.php?rest_route=\/wp\/v2\/posts\/27096","targetHints":{"allow":["GET"]}}],"collection":[{"href":"https:\/\/www.radioamigavallenar.cl\/index.php?rest_route=\/wp\/v2\/posts"}],"about":[{"href":"https:\/\/www.radioamigavallenar.cl\/index.php?rest_route=\/wp\/v2\/types\/post"}],"author":[{"embeddable":true,"href":"https:\/\/www.radioamigavallenar.cl\/index.php?rest_route=\/wp\/v2\/users\/2"}],"replies":[{"embeddable":true,"href":"https:\/\/www.radioamigavallenar.cl\/index.php?rest_route=%2Fwp%2Fv2%2Fcomments&post=27096"}],"version-history":[{"count":0,"href":"https:\/\/www.radioamigavallenar.cl\/index.php?rest_route=\/wp\/v2\/posts\/27096\/revisions"}],"wp:featuredmedia":[{"embeddable":true,"href":"https:\/\/www.radioamigavallenar.cl\/index.php?rest_route=\/wp\/v2\/media\/27097"}],"wp:attachment":[{"href":"https:\/\/www.radioamigavallenar.cl\/index.php?rest_route=%2Fwp%2Fv2%2Fmedia&parent=27096"}],"wp:term":[{"taxonomy":"category","embeddable":true,"href":"https:\/\/www.radioamigavallenar.cl\/index.php?rest_route=%2Fwp%2Fv2%2Fcategories&post=27096"},{"taxonomy":"post_tag","embeddable":true,"href":"https:\/\/www.radioamigavallenar.cl\/index.php?rest_route=%2Fwp%2Fv2%2Ftags&post=27096"}],"curies":[{"name":"wp","href":"https:\/\/api.w.org\/{rel}","templated":true}]}}