{"id":27094,"date":"2020-07-27T11:33:55","date_gmt":"2020-07-27T15:33:55","guid":{"rendered":"https:\/\/www.radioamigavallenar.cl\/?p=27094"},"modified":"2020-07-27T11:33:56","modified_gmt":"2020-07-27T15:33:56","slug":"sofia-cid-presenta-proyecto-de-ley-para-integrar-a-universidades-en-desarrollo-y-testeo-de-vacunas-contra-el-covid","status":"publish","type":"post","link":"https:\/\/www.radioamigavallenar.cl\/?p=27094","title":{"rendered":"Sof\u00eda Cid presenta Proyecto de Ley para integrar a Universidades en desarrollo y testeo de vacunas contra el COVID"},"content":{"rendered":"\n<div class=\"wp-block-image\"><figure class=\"aligncenter size-large\"><img loading=\"lazy\" decoding=\"async\" width=\"800\" height=\"445\" src=\"https:\/\/www.radioamigavallenar.cl\/wp-content\/uploads\/2020\/07\/sofia-cid-partidos-800x445-1.jpg\" alt=\"\" class=\"wp-image-26297\" srcset=\"https:\/\/www.radioamigavallenar.cl\/wp-content\/uploads\/2020\/07\/sofia-cid-partidos-800x445-1.jpg 800w, https:\/\/www.radioamigavallenar.cl\/wp-content\/uploads\/2020\/07\/sofia-cid-partidos-800x445-1-300x167.jpg 300w, https:\/\/www.radioamigavallenar.cl\/wp-content\/uploads\/2020\/07\/sofia-cid-partidos-800x445-1-768x427.jpg 768w\" sizes=\"auto, (max-width: 800px) 100vw, 800px\" \/><\/figure><\/div>\n\n\n\n<p>La Diputada Sof\u00eda Cid Versalovic se refiri\u00f3 al contexto de la pandemia del coronavirus y como esto ha puesto en evidencia una serie de desaf\u00edos para Chile y las regiones, las que de distinta manera se han ido abordando, tanto para enfrentar las falencias, como a la vez proyectar soluciones a los problemas que se provocan debido a la crisis sanitaria.<\/p>\n\n\n\n<p>\u201cActualmente en Chile y en Atacama estamos por lo que se podr\u00eda considerar el periodo m\u00e1s cr\u00edtico de la pandemia por COVID-19, por lo que se hace necesario no solo buscar soluciones a lo urgente e inmediato, sino tambi\u00e9n en lo que viene y eso est\u00e1 en las vacunas\u201d dijo Cid Versalovic.<\/p>\n\n\n\n<p>La parlamentaria mencion\u00f3 que \u201cnuestra legislaci\u00f3n y el c\u00f3digo sanitario no permiten que las &nbsp;universidades en Chile pueden desarrollar estudios ligados en esta \u00e1rea, lo que no las habilita para estar dentro de la cadena de valor del desarrollo de vacunas\u201d, por lo que junto a otros Diputados han presentado un proyecto ley que busca actualizar nuestra legislaci\u00f3n al nivel de pa\u00edses desarrollados y as\u00ed poder ser parte de la cadena de valor y acceder primero que otros pa\u00edses al avance de las vacunas y estar en los primeros puestos en la entrega de vacunas cuando esta ya hayan sido probada.<\/p>\n\n\n\n<p>\u201cSi no nos integramos desde el mundo universitario en la investigaci\u00f3n de las vacunas y su testeo, quedaremos al vaiv\u00e9n de poder comprar vacunas en el exterior, y considerando que actualmente destacan cinco proyectos que se est\u00e1n desarrollando a nivel, eso tendr\u00edan un m\u00e1ximo de 1000 millones de dosis el pr\u00f3ximo a\u00f1o y el mundo tiene entre 7000 a 8000 millones de personas, lo que hace que Chile tenga menos opciones de poder adquirir dichas vacunas\u201d, coment\u00f3 la Diputada por Atacama.<\/p>\n\n\n\n<p>Cid Versalovic hizo un llamado a la comunidad cient\u00edficas y de investigadores, a que puedan apoyar el proyecto, \u201cpara ponernos a la vanguardia de manera de ser los primeros en recibir las vacunas que se produzcan a nivel mundial\u201d.<\/p>\n\n\n\n<p class=\"has-text-align-center\"><strong>EL PROYECTO<\/strong><\/p>\n\n\n\n<p>El proyecto de ley pretende modificar el C\u00f3digo Sanitario incorporando el art\u00edculo 111 letra g) Bis, permitiendo que, en caso de alerta sanitaria, la autoridad competente autorice la realizaci\u00f3n de ensayos cl\u00ednicos, como en el caso de la vacuna que busca combatir el Covid-19.<\/p>\n\n\n\n<p>La autorizaci\u00f3n especial que se entrega por este art\u00edculo solo podr\u00e1 ser otorgada a investigaciones que tengan por objeto el desarrollo de productos farmac\u00e9uticos y dispositivos m\u00e9dicos destinados a enfrentar las circunstancias que dieron fundamento a la declaraci\u00f3n de Alerta Sanitaria.<\/p>\n\n\n\n<p>Un reglamento determinar\u00e1 cu\u00e1l es la autoridad competente para autorizar el estudio cl\u00ednico en tiempos de alerta sanitaria, as\u00ed tambi\u00e9n determinar\u00e1 lo no regulado por la presente ley.<\/p>\n","protected":false},"excerpt":{"rendered":"<p>La Diputada Sof\u00eda Cid Versalovic se refiri\u00f3 al contexto de la pandemia del coronavirus y como esto ha puesto en evidencia una serie de desaf\u00edos&hellip; <\/p>\n","protected":false},"author":2,"featured_media":26297,"comment_status":"open","ping_status":"closed","sticky":false,"template":"","format":"standard","meta":{"footnotes":""},"categories":[7,1],"tags":[],"class_list":["post-27094","post","type-post","status-publish","format-standard","has-post-thumbnail","hentry","category-atacama","category-provincia-del-huasco-2"],"_links":{"self":[{"href":"https:\/\/www.radioamigavallenar.cl\/index.php?rest_route=\/wp\/v2\/posts\/27094","targetHints":{"allow":["GET"]}}],"collection":[{"href":"https:\/\/www.radioamigavallenar.cl\/index.php?rest_route=\/wp\/v2\/posts"}],"about":[{"href":"https:\/\/www.radioamigavallenar.cl\/index.php?rest_route=\/wp\/v2\/types\/post"}],"author":[{"embeddable":true,"href":"https:\/\/www.radioamigavallenar.cl\/index.php?rest_route=\/wp\/v2\/users\/2"}],"replies":[{"embeddable":true,"href":"https:\/\/www.radioamigavallenar.cl\/index.php?rest_route=%2Fwp%2Fv2%2Fcomments&post=27094"}],"version-history":[{"count":0,"href":"https:\/\/www.radioamigavallenar.cl\/index.php?rest_route=\/wp\/v2\/posts\/27094\/revisions"}],"wp:featuredmedia":[{"embeddable":true,"href":"https:\/\/www.radioamigavallenar.cl\/index.php?rest_route=\/wp\/v2\/media\/26297"}],"wp:attachment":[{"href":"https:\/\/www.radioamigavallenar.cl\/index.php?rest_route=%2Fwp%2Fv2%2Fmedia&parent=27094"}],"wp:term":[{"taxonomy":"category","embeddable":true,"href":"https:\/\/www.radioamigavallenar.cl\/index.php?rest_route=%2Fwp%2Fv2%2Fcategories&post=27094"},{"taxonomy":"post_tag","embeddable":true,"href":"https:\/\/www.radioamigavallenar.cl\/index.php?rest_route=%2Fwp%2Fv2%2Ftags&post=27094"}],"curies":[{"name":"wp","href":"https:\/\/api.w.org\/{rel}","templated":true}]}}