{"id":27089,"date":"2020-07-27T07:28:20","date_gmt":"2020-07-27T11:28:20","guid":{"rendered":"https:\/\/www.radioamigavallenar.cl\/?p=27089"},"modified":"2020-07-27T07:28:21","modified_gmt":"2020-07-27T11:28:21","slug":"ministro-de-mineria-baldo-prokurica-lamento-despidos-en-minera-candelaria","status":"publish","type":"post","link":"https:\/\/www.radioamigavallenar.cl\/?p=27089","title":{"rendered":"Ministro de Miner\u00eda Baldo Prokurica lament\u00f3 despidos en Minera Candelaria."},"content":{"rendered":"\n<div class=\"wp-block-image\"><figure class=\"aligncenter size-large\"><img loading=\"lazy\" decoding=\"async\" width=\"1024\" height=\"683\" src=\"https:\/\/www.radioamigavallenar.cl\/wp-content\/uploads\/2020\/06\/MINISTRO-DE-MINERI\u0301A-BALDO-PROKURICA-vb-1024x683-1.jpg\" alt=\"\" class=\"wp-image-24996\" srcset=\"https:\/\/www.radioamigavallenar.cl\/wp-content\/uploads\/2020\/06\/MINISTRO-DE-MINERI\u0301A-BALDO-PROKURICA-vb-1024x683-1.jpg 1024w, https:\/\/www.radioamigavallenar.cl\/wp-content\/uploads\/2020\/06\/MINISTRO-DE-MINERI\u0301A-BALDO-PROKURICA-vb-1024x683-1-300x200.jpg 300w, https:\/\/www.radioamigavallenar.cl\/wp-content\/uploads\/2020\/06\/MINISTRO-DE-MINERI\u0301A-BALDO-PROKURICA-vb-1024x683-1-768x512.jpg 768w\" sizes=\"auto, (max-width: 1024px) 100vw, 1024px\" \/><\/figure><\/div>\n\n\n\n<p>El Ministro de Miner\u00eda, Baldo Prokurica Prokurica, manifest\u00f3 su malestar por la situaci\u00f3n que se vive en la actualidad en la miner\u00eda a consecuencia de la pandemia del COVID-19, donde varias empresas han desvinculado a sus trabajadores.<\/p>\n\n\n\n<p>\u201cLamento que la Compa\u00f1\u00eda Minera Candelaria haya tomado la decisi\u00f3n, aunque hayan dicho que se trata de un Plan de Retiro y se les pague a los trabajadores un dinero importante, son igual puestos de trabajo que se pierden, y por lo tanto, lamento profundamente la decisi\u00f3n de las desvinculaciones\u201d.<\/p>\n\n\n\n<p>\u201cY cuando escucho que hay algunos que han planteado que yo en alg\u00fan minuto hice un discurso en favor de Candelaria diciendo que \u00e9sta era una buena empresa, eso fue el a\u00f1o 2018, y cuando ocurrieron despidos hice todas las gestiones e incluso protest\u00e9 frente a las autoridades, tanto de la Embajada como tambi\u00e9n de la empresa, viaj\u00e9 a Canad\u00e1, me quej\u00e9 frente a la compa\u00f1\u00eda, para que sepa ese dirigente que dijo que yo no hab\u00eda hecho nada. Yo no soy una persona que comprometa mi palabra y despu\u00e9s esconda la mano. Yo me he quejado ante esta empresa, ante las m\u00e1ximas autoridades por los despidos que han tenido, porque creo que muchos despidos han sido injustificados\u201d, sentenci\u00f3 el Ministro.<\/p>\n\n\n\n<p>\u201cQuiero reiterar el llamado a las empresas mineras a agotar todas las instancias para no despedir a su personal, porque estamos viendo que el periodo post pandemia va a ser extraordinariamente grave\u201d, se\u00f1al\u00f3 finalmente el Secretario de Estado.<\/p>\n","protected":false},"excerpt":{"rendered":"<p>El Ministro de Miner\u00eda, Baldo Prokurica Prokurica, manifest\u00f3 su malestar por la situaci\u00f3n que se vive en la actualidad en la miner\u00eda a consecuencia de&hellip; <\/p>\n","protected":false},"author":2,"featured_media":24996,"comment_status":"open","ping_status":"closed","sticky":false,"template":"","format":"standard","meta":{"footnotes":""},"categories":[7,34],"tags":[],"class_list":["post-27089","post","type-post","status-publish","format-standard","has-post-thumbnail","hentry","category-atacama","category-mineria"],"_links":{"self":[{"href":"https:\/\/www.radioamigavallenar.cl\/index.php?rest_route=\/wp\/v2\/posts\/27089","targetHints":{"allow":["GET"]}}],"collection":[{"href":"https:\/\/www.radioamigavallenar.cl\/index.php?rest_route=\/wp\/v2\/posts"}],"about":[{"href":"https:\/\/www.radioamigavallenar.cl\/index.php?rest_route=\/wp\/v2\/types\/post"}],"author":[{"embeddable":true,"href":"https:\/\/www.radioamigavallenar.cl\/index.php?rest_route=\/wp\/v2\/users\/2"}],"replies":[{"embeddable":true,"href":"https:\/\/www.radioamigavallenar.cl\/index.php?rest_route=%2Fwp%2Fv2%2Fcomments&post=27089"}],"version-history":[{"count":0,"href":"https:\/\/www.radioamigavallenar.cl\/index.php?rest_route=\/wp\/v2\/posts\/27089\/revisions"}],"wp:featuredmedia":[{"embeddable":true,"href":"https:\/\/www.radioamigavallenar.cl\/index.php?rest_route=\/wp\/v2\/media\/24996"}],"wp:attachment":[{"href":"https:\/\/www.radioamigavallenar.cl\/index.php?rest_route=%2Fwp%2Fv2%2Fmedia&parent=27089"}],"wp:term":[{"taxonomy":"category","embeddable":true,"href":"https:\/\/www.radioamigavallenar.cl\/index.php?rest_route=%2Fwp%2Fv2%2Fcategories&post=27089"},{"taxonomy":"post_tag","embeddable":true,"href":"https:\/\/www.radioamigavallenar.cl\/index.php?rest_route=%2Fwp%2Fv2%2Ftags&post=27089"}],"curies":[{"name":"wp","href":"https:\/\/api.w.org\/{rel}","templated":true}]}}