{"id":27085,"date":"2020-07-27T07:18:51","date_gmt":"2020-07-27T11:18:51","guid":{"rendered":"https:\/\/www.radioamigavallenar.cl\/?p=27085"},"modified":"2020-07-27T07:18:52","modified_gmt":"2020-07-27T11:18:52","slug":"gobierno-confirma-que-desde-el-jueves-se-podra-solicitar-el-retiro-del-10-de-las-afp","status":"publish","type":"post","link":"https:\/\/www.radioamigavallenar.cl\/?p=27085","title":{"rendered":"Gobierno confirma que desde el jueves se podr\u00e1 solicitar el retiro del 10% de las AFP"},"content":{"rendered":"\n<div class=\"wp-block-image\"><figure class=\"aligncenter size-large\"><img loading=\"lazy\" decoding=\"async\" width=\"1024\" height=\"683\" src=\"https:\/\/www.radioamigavallenar.cl\/wp-content\/uploads\/2020\/07\/afp-1-1620x1080-1-1024x683.jpg\" alt=\"\" class=\"wp-image-27086\" srcset=\"https:\/\/www.radioamigavallenar.cl\/wp-content\/uploads\/2020\/07\/afp-1-1620x1080-1-1024x683.jpg 1024w, https:\/\/www.radioamigavallenar.cl\/wp-content\/uploads\/2020\/07\/afp-1-1620x1080-1-300x200.jpg 300w, https:\/\/www.radioamigavallenar.cl\/wp-content\/uploads\/2020\/07\/afp-1-1620x1080-1-768x512.jpg 768w, https:\/\/www.radioamigavallenar.cl\/wp-content\/uploads\/2020\/07\/afp-1-1620x1080-1-1536x1024.jpg 1536w, https:\/\/www.radioamigavallenar.cl\/wp-content\/uploads\/2020\/07\/afp-1-1620x1080-1.jpg 1620w\" sizes=\"auto, (max-width: 1024px) 100vw, 1024px\" \/><\/figure><\/div>\n\n\n\n<p>El subsecretario de Previsi\u00f3n Social,&nbsp;Pedro Pizarro,&nbsp;confirm\u00f3 que desde este jueves se podr\u00e1 solicitar el retiro del 10% de los fondos de pensiones.<\/p>\n\n\n\n<p>\u00abLa informaci\u00f3n que han entregado las administradoras (de AFP) a la Superintendencia de Pensiones es que est\u00e1n en condiciones de partir, ya v\u00eda remota, digital, este d\u00eda jueves (30 de julio), con las medidas de seguridad que permitan que tengan su plataformas reforzadas, de que el tr\u00e1mite sea expedito, \u00e1gil, evitando todos tipo de riesgos\u00bb, sostuvo Pizarro<\/p>\n\n\n\n<p>Esta informaci\u00f3n hab\u00eda sido tambi\u00e9n confirmada desde la Subsecretar\u00eda de Pensiones<\/p>\n\n\n\n<p>Con respecto a la publicaci\u00f3n en el Diario Oficial&nbsp;de la ley, asegur\u00f3 que a\u00fan falta que el texto legal llegue a Contralor\u00eda, que anunci\u00f3 una tramitaci\u00f3n expedita, por lo que la publicaci\u00f3n ser\u00e1 durante esa fecha, por lo que&nbsp;\u00ablo importante es la fecha en que esto va a estar operativo\u00bb.<\/p>\n\n\n\n<p>Pizarro tambi\u00e9n recalc\u00f3 que este inicio del procedimiento ser\u00e1 online, por lo que pidi\u00f3 no asistir a oficinas de las AFP durante la semana.<\/p>\n\n\n\n<p>Por \u00faltimo, la autoridad precis\u00f3&nbsp; que desde agosto se podr\u00eda hacer el tr\u00e1mite presencialmente; pero la idea es evitar las aglomeraciones.<\/p>\n","protected":false},"excerpt":{"rendered":"<p>El subsecretario de Previsi\u00f3n Social,&nbsp;Pedro Pizarro,&nbsp;confirm\u00f3 que desde este jueves se podr\u00e1 solicitar el retiro del 10% de los fondos de pensiones. \u00abLa informaci\u00f3n que&hellip; <\/p>\n","protected":false},"author":2,"featured_media":27086,"comment_status":"open","ping_status":"closed","sticky":false,"template":"","format":"standard","meta":{"footnotes":""},"categories":[37],"tags":[],"class_list":["post-27085","post","type-post","status-publish","format-standard","has-post-thumbnail","hentry","category-nacional"],"_links":{"self":[{"href":"https:\/\/www.radioamigavallenar.cl\/index.php?rest_route=\/wp\/v2\/posts\/27085","targetHints":{"allow":["GET"]}}],"collection":[{"href":"https:\/\/www.radioamigavallenar.cl\/index.php?rest_route=\/wp\/v2\/posts"}],"about":[{"href":"https:\/\/www.radioamigavallenar.cl\/index.php?rest_route=\/wp\/v2\/types\/post"}],"author":[{"embeddable":true,"href":"https:\/\/www.radioamigavallenar.cl\/index.php?rest_route=\/wp\/v2\/users\/2"}],"replies":[{"embeddable":true,"href":"https:\/\/www.radioamigavallenar.cl\/index.php?rest_route=%2Fwp%2Fv2%2Fcomments&post=27085"}],"version-history":[{"count":0,"href":"https:\/\/www.radioamigavallenar.cl\/index.php?rest_route=\/wp\/v2\/posts\/27085\/revisions"}],"wp:featuredmedia":[{"embeddable":true,"href":"https:\/\/www.radioamigavallenar.cl\/index.php?rest_route=\/wp\/v2\/media\/27086"}],"wp:attachment":[{"href":"https:\/\/www.radioamigavallenar.cl\/index.php?rest_route=%2Fwp%2Fv2%2Fmedia&parent=27085"}],"wp:term":[{"taxonomy":"category","embeddable":true,"href":"https:\/\/www.radioamigavallenar.cl\/index.php?rest_route=%2Fwp%2Fv2%2Fcategories&post=27085"},{"taxonomy":"post_tag","embeddable":true,"href":"https:\/\/www.radioamigavallenar.cl\/index.php?rest_route=%2Fwp%2Fv2%2Ftags&post=27085"}],"curies":[{"name":"wp","href":"https:\/\/api.w.org\/{rel}","templated":true}]}}