{"id":27082,"date":"2020-07-27T07:16:06","date_gmt":"2020-07-27T11:16:06","guid":{"rendered":"https:\/\/www.radioamigavallenar.cl\/?p=27082"},"modified":"2020-07-27T07:16:07","modified_gmt":"2020-07-27T11:16:07","slug":"alcalde-de-vallenar-reitera-pedido-al-gobierno-regional-para-reforzar-control-de-acceso-norte","status":"publish","type":"post","link":"https:\/\/www.radioamigavallenar.cl\/?p=27082","title":{"rendered":"Alcalde de Vallenar reitera pedido al gobierno regional para reforzar control de acceso norte"},"content":{"rendered":"\n<figure class=\"wp-block-image size-large\"><img loading=\"lazy\" decoding=\"async\" width=\"1024\" height=\"768\" src=\"https:\/\/www.radioamigavallenar.cl\/wp-content\/uploads\/2020\/07\/aduana-sanitaria-1024x768.jpg\" alt=\"\" class=\"wp-image-27083\" srcset=\"https:\/\/www.radioamigavallenar.cl\/wp-content\/uploads\/2020\/07\/aduana-sanitaria-1024x768.jpg 1024w, https:\/\/www.radioamigavallenar.cl\/wp-content\/uploads\/2020\/07\/aduana-sanitaria-300x225.jpg 300w, https:\/\/www.radioamigavallenar.cl\/wp-content\/uploads\/2020\/07\/aduana-sanitaria-768x576.jpg 768w, https:\/\/www.radioamigavallenar.cl\/wp-content\/uploads\/2020\/07\/aduana-sanitaria.jpg 1280w\" sizes=\"auto, (max-width: 1024px) 100vw, 1024px\" \/><\/figure>\n\n\n\n<p>ras enterarse de la aplicaci\u00f3n de cuarentena sanitaria para Copiap\u00f3 a partir de este martes, el alcalde de Vallenar, Cristian Tapia Ramos, lament\u00f3 no haber podido comunicarse con el intendente de Atacama, Patricio Urquieta, a pesar de las reiteradas llamadas telef\u00f3nicas, con el fin de solicitarle un reforzamiento del control en el acceso norte de la comuna. Por tal raz\u00f3n, tom\u00f3 la decisi\u00f3n de reforzar este acceso con drones y personal municipal durante las 24 horas.<\/p>\n\n\n\n<p>\u201cEspero que la autoridad de gobierno regional nos pueda ayudar, porque necesitamos controles sanitarios fuertes, necesitamos una tremenda barrera sanitaria en el acceso norte a la provincia del Huasco para poder tener un control m\u00e1s exhaustivo de los veh\u00edculos, con las fuerzas policiales y militares, mientras nosotros hacemos todo el esfuerzo posible para tener el control de la gente que llega a nuestra comuna\u201d, indic\u00f3.<\/p>\n\n\n\n<p>Al mismo tiempo, hizo un llamado a los vecinos de Copiap\u00f3 a cumplir con la medida preventiva y quedarse en sus casas. \u201cSabemos que lo est\u00e1n pasando mal, (pero les pedimos) que no vengan a Vallenar, ni a la provincia del Huasco ni a otro lugar. No inviten a sus familiares ni a sus amistades\u201d, apunt\u00f3.<\/p>\n\n\n\n<p>Respecto de su propia comuna, el alcalde Tapia, reconoci\u00f3 que tambi\u00e9n el panorama est\u00e1 complicado. \u201cSi bien es cierto, durante las \u00faltimas semanas hemos bajado los niveles de casos positivos, seguimos realizando un testeo masivo a toda la poblaci\u00f3n; pero, esto no significa que nos relajemos, que salgamos de las casas, que recibamos gente de otros lados. Nos tenemos que cuidar. Yo les pido mucha comprensi\u00f3n y solidaridad (\u2026) Si salimos de nuestras casas, cada uno de nosotros estamos poniendo en riesgo a nuestra familia y a los dem\u00e1s habitantes de la regi\u00f3n\u201d.<\/p>\n","protected":false},"excerpt":{"rendered":"<p>ras enterarse de la aplicaci\u00f3n de cuarentena sanitaria para Copiap\u00f3 a partir de este martes, el alcalde de Vallenar, Cristian Tapia Ramos, lament\u00f3 no haber&hellip; <\/p>\n","protected":false},"author":2,"featured_media":27083,"comment_status":"open","ping_status":"closed","sticky":false,"template":"","format":"standard","meta":{"footnotes":""},"categories":[1,2],"tags":[],"class_list":["post-27082","post","type-post","status-publish","format-standard","has-post-thumbnail","hentry","category-provincia-del-huasco-2","category-vallenar"],"_links":{"self":[{"href":"https:\/\/www.radioamigavallenar.cl\/index.php?rest_route=\/wp\/v2\/posts\/27082","targetHints":{"allow":["GET"]}}],"collection":[{"href":"https:\/\/www.radioamigavallenar.cl\/index.php?rest_route=\/wp\/v2\/posts"}],"about":[{"href":"https:\/\/www.radioamigavallenar.cl\/index.php?rest_route=\/wp\/v2\/types\/post"}],"author":[{"embeddable":true,"href":"https:\/\/www.radioamigavallenar.cl\/index.php?rest_route=\/wp\/v2\/users\/2"}],"replies":[{"embeddable":true,"href":"https:\/\/www.radioamigavallenar.cl\/index.php?rest_route=%2Fwp%2Fv2%2Fcomments&post=27082"}],"version-history":[{"count":0,"href":"https:\/\/www.radioamigavallenar.cl\/index.php?rest_route=\/wp\/v2\/posts\/27082\/revisions"}],"wp:featuredmedia":[{"embeddable":true,"href":"https:\/\/www.radioamigavallenar.cl\/index.php?rest_route=\/wp\/v2\/media\/27083"}],"wp:attachment":[{"href":"https:\/\/www.radioamigavallenar.cl\/index.php?rest_route=%2Fwp%2Fv2%2Fmedia&parent=27082"}],"wp:term":[{"taxonomy":"category","embeddable":true,"href":"https:\/\/www.radioamigavallenar.cl\/index.php?rest_route=%2Fwp%2Fv2%2Fcategories&post=27082"},{"taxonomy":"post_tag","embeddable":true,"href":"https:\/\/www.radioamigavallenar.cl\/index.php?rest_route=%2Fwp%2Fv2%2Ftags&post=27082"}],"curies":[{"name":"wp","href":"https:\/\/api.w.org\/{rel}","templated":true}]}}