{"id":27079,"date":"2020-07-27T07:13:49","date_gmt":"2020-07-27T11:13:49","guid":{"rendered":"https:\/\/www.radioamigavallenar.cl\/?p=27079"},"modified":"2020-07-27T07:13:51","modified_gmt":"2020-07-27T11:13:51","slug":"conaf-atacama-hace-el-llamado-a-no-visitar-parque-llanos-de-challe-mientras-dure-la-pandemia","status":"publish","type":"post","link":"https:\/\/www.radioamigavallenar.cl\/?p=27079","title":{"rendered":"Conaf Atacama hace el llamado a no visitar Parque Llanos de Challe mientras dure la pandemia"},"content":{"rendered":"\n<div class=\"wp-block-image\"><figure class=\"aligncenter size-large\"><img loading=\"lazy\" decoding=\"async\" width=\"1024\" height=\"655\" src=\"https:\/\/www.radioamigavallenar.cl\/wp-content\/uploads\/2020\/07\/PN-Llanos-de-Challe-1024x655.jpeg\" alt=\"\" class=\"wp-image-27080\" srcset=\"https:\/\/www.radioamigavallenar.cl\/wp-content\/uploads\/2020\/07\/PN-Llanos-de-Challe-1024x655.jpeg 1024w, https:\/\/www.radioamigavallenar.cl\/wp-content\/uploads\/2020\/07\/PN-Llanos-de-Challe-300x192.jpeg 300w, https:\/\/www.radioamigavallenar.cl\/wp-content\/uploads\/2020\/07\/PN-Llanos-de-Challe-768x491.jpeg 768w, https:\/\/www.radioamigavallenar.cl\/wp-content\/uploads\/2020\/07\/PN-Llanos-de-Challe.jpeg 1280w\" sizes=\"auto, (max-width: 1024px) 100vw, 1024px\" \/><\/figure><\/div>\n\n\n\n<p>Ante las expectativas de la comunidad por la posibilidad de que este a\u00f1o haya Desierto Florido, el Director Regional de Conaf Atacama, H\u00e9ctor Vera Soto, hizo un llamado a no visitar el Parque Nacional Llanos de Challe, mientras dure la emergencia sanitaria que actualmente afecta al pa\u00eds.<\/p>\n\n\n\n<p>Junto con esto, la autoridad se\u00f1al\u00f3 que \u201cnuestros expertos han descartado toda posibilidad de que se presente en el parque Llanos de Challe el fen\u00f3meno del Desierto Florido, puesto que se manifestar\u00e1 al sur de la regi\u00f3n de Atacama, por lo que solicitamos a la comunidad que no acuda al parque hasta que termine el estado de excepci\u00f3n constitucional\u201d.<\/p>\n\n\n\n<p>Por su parte el el jefe del Departamento de \u00c1reas Silvestres Protegidas, Jorge Carabantes, mencion\u00f3 que \u201cactualmente el parque Llanos de Challe permanece cerrado, debido a la pandemia actual que afecta al pa\u00eds. Y en Agosto eventualmente ser\u00e1 abierto, pero s\u00f3lo para el acceso de investigadores, y se mantendr\u00e1 cerrado para el p\u00fablico\u201d.<\/p>\n\n\n\n<p>Finalmente el Secretario Regional Ministerial de Agricultura, Patricio Araya Vargas dijo que \u201cla comuna de Copiap\u00f3 a partir del martes 28 a las 05:00 horas se&nbsp; mantendr\u00e1 en cuarentena, por lo que se podr\u00e1 salir s\u00f3lo si es necesario. Ante estas condiciones actuales de la pandemia, reiteramos el llamado a no visitar los Parques Nacionales de Atacama y a respetar las instrucciones entregadas por la autoridad sanitaria y las autoridades de CONAF\u201d.<\/p>\n","protected":false},"excerpt":{"rendered":"<p>Ante las expectativas de la comunidad por la posibilidad de que este a\u00f1o haya Desierto Florido, el Director Regional de Conaf Atacama, H\u00e9ctor Vera Soto,&hellip; <\/p>\n","protected":false},"author":2,"featured_media":27080,"comment_status":"open","ping_status":"closed","sticky":false,"template":"","format":"standard","meta":{"footnotes":""},"categories":[7,1],"tags":[],"class_list":["post-27079","post","type-post","status-publish","format-standard","has-post-thumbnail","hentry","category-atacama","category-provincia-del-huasco-2"],"_links":{"self":[{"href":"https:\/\/www.radioamigavallenar.cl\/index.php?rest_route=\/wp\/v2\/posts\/27079","targetHints":{"allow":["GET"]}}],"collection":[{"href":"https:\/\/www.radioamigavallenar.cl\/index.php?rest_route=\/wp\/v2\/posts"}],"about":[{"href":"https:\/\/www.radioamigavallenar.cl\/index.php?rest_route=\/wp\/v2\/types\/post"}],"author":[{"embeddable":true,"href":"https:\/\/www.radioamigavallenar.cl\/index.php?rest_route=\/wp\/v2\/users\/2"}],"replies":[{"embeddable":true,"href":"https:\/\/www.radioamigavallenar.cl\/index.php?rest_route=%2Fwp%2Fv2%2Fcomments&post=27079"}],"version-history":[{"count":0,"href":"https:\/\/www.radioamigavallenar.cl\/index.php?rest_route=\/wp\/v2\/posts\/27079\/revisions"}],"wp:featuredmedia":[{"embeddable":true,"href":"https:\/\/www.radioamigavallenar.cl\/index.php?rest_route=\/wp\/v2\/media\/27080"}],"wp:attachment":[{"href":"https:\/\/www.radioamigavallenar.cl\/index.php?rest_route=%2Fwp%2Fv2%2Fmedia&parent=27079"}],"wp:term":[{"taxonomy":"category","embeddable":true,"href":"https:\/\/www.radioamigavallenar.cl\/index.php?rest_route=%2Fwp%2Fv2%2Fcategories&post=27079"},{"taxonomy":"post_tag","embeddable":true,"href":"https:\/\/www.radioamigavallenar.cl\/index.php?rest_route=%2Fwp%2Fv2%2Ftags&post=27079"}],"curies":[{"name":"wp","href":"https:\/\/api.w.org\/{rel}","templated":true}]}}