{"id":27072,"date":"2020-07-27T07:09:53","date_gmt":"2020-07-27T11:09:53","guid":{"rendered":"https:\/\/www.radioamigavallenar.cl\/?p=27072"},"modified":"2020-07-27T07:09:55","modified_gmt":"2020-07-27T11:09:55","slug":"ine-ofrece-cursos-gratis-y-en-linea-sobre-estadisticas","status":"publish","type":"post","link":"https:\/\/www.radioamigavallenar.cl\/?p=27072","title":{"rendered":"INE ofrece cursos gratis y en l\u00ednea sobre estad\u00edsticas"},"content":{"rendered":"\n<div class=\"wp-block-image\"><figure class=\"aligncenter size-large\"><img loading=\"lazy\" decoding=\"async\" width=\"855\" height=\"570\" src=\"https:\/\/www.radioamigavallenar.cl\/wp-content\/uploads\/2020\/07\/INE.jpg\" alt=\"\" class=\"wp-image-27073\" srcset=\"https:\/\/www.radioamigavallenar.cl\/wp-content\/uploads\/2020\/07\/INE.jpg 855w, https:\/\/www.radioamigavallenar.cl\/wp-content\/uploads\/2020\/07\/INE-300x200.jpg 300w, https:\/\/www.radioamigavallenar.cl\/wp-content\/uploads\/2020\/07\/INE-768x512.jpg 768w\" sizes=\"auto, (max-width: 855px) 100vw, 855px\" \/><\/figure><\/div>\n\n\n\n<p><strong>Las clases est\u00e1n dirigidas principalmente a alumnos de ense\u00f1anza b\u00e1sica y media, pero tambi\u00e9n pueden ser tomadas por el p\u00fablico general.<\/strong><\/p>\n\n\n\n<p>Acercar las estad\u00edsticas a la comunidad escolar y al p\u00fablico en general, a trav\u00e9s de un m\u00e9todo de aprendizaje en el que no existan barreras geogr\u00e1ficas y que se adapte al ritmo y tiempo de cada persona, es el objetivo de los cursos en l\u00ednea que el Instituto Nacional de Estad\u00edsticas (INE) est\u00e1 ofreciendo de manera gratuita, a trav\u00e9s de su programa INEduca.<\/p>\n\n\n\n<p>\u201cQueremos aportar al desarrollo acad\u00e9mico y social de los estudiantes y de la ciudadan\u00eda que desee saber de las estad\u00edsticas a nivel pa\u00eds y c\u00f3mo ellas influyen en su quehacer cotidiano\u201d, explica la directora nacional del INE, Sandra Quijada, sobre este programa educativo que fue creado por la instituci\u00f3n en 2019 y que est\u00e1 disponible en el portal&nbsp;<a href=\"https:\/\/www.ine.cl\/ine-ciudadano\/ineduca\/bienvenida\" target=\"_blank\" rel=\"noreferrer noopener\">https:\/\/www.ine.cl\/ine-ciudadano\/ineduca\/bienvenida<\/a>.<\/p>\n\n\n\n<p>El programa actualmente cuenta con tres cursos: Estad\u00edsticas en la vida cotidiana; Chile, geograf\u00eda y estad\u00edsticas, y Estad\u00edsticas para no especialistas. Todos los contenidos fueron preparados por los mismos profesionales del INE y validados por el Ministerio de Educaci\u00f3n, de tal manera que estos puedan estar en sinton\u00eda con las bases curriculares vigentes.<\/p>\n\n\n\n<p>\u201cLos temas se presentan de forma did\u00e1ctica y participativa, permitiendo al estudiante interactuar en distintas partes del curso, por ejemplo, respondiendo ejercicios pr\u00e1cticos. Adem\u00e1s, hay ejemplos y referencias de problemas y su resoluci\u00f3n, as\u00ed como conceptos generales y espec\u00edficos, que har\u00e1n que el estudiante contextualice el contenido y realice sus propias conclusiones que le permitan tomar decisiones y resolver las problem\u00e1ticas planteadas\u201d, a\u00f1ade Quijada, valorando, adem\u00e1s, la modalidad&nbsp;<em>e-learning<\/em>&nbsp;de los cursos.<\/p>\n\n\n\n<p>Al respecto, la directora de UC Online, Luz Montero, indic\u00f3 que el m\u00e9todo de clases en l\u00ednea \u201ces inclusivo, ya que aumenta la accesibilidad al facilitar que el proceso de ense\u00f1anza aprendizaje ocurra en cualquier momento y desde cualquier lugar, teniendo conexi\u00f3n a internet y un dispositivo m\u00f3vil o un pc. Las nuevas tecnolog\u00edas, adem\u00e1s, permiten entregar una experiencia de aprendizaje interactiva, entretenida, global y donde hay trabajo colaborativo con los pares, por lo que los resultados son igual de efectivos que los de la docencia presencial, en aquellas competencias que s\u00ed lo permiten, que son la mayor\u00eda\u201d.<\/p>\n\n\n\n<p class=\"has-text-align-center\"><strong>\u00bfQu\u00e9 se puede aprender en estos cursos?<\/strong><\/p>\n\n\n\n<p>El curso Chile, geograf\u00eda y estad\u00edsticas est\u00e1 dirigido a estudiantes de octavo b\u00e1sico, como complemento de la asignatura de Historia, Geograf\u00eda y Ciencias Sociales. En \u00e9l se pueden encontrar estad\u00edsticas de cada regi\u00f3n, como poblaci\u00f3n o densidad poblacional, y entre sus contenidos destacan conceptos b\u00e1sicos de mapas, simbolog\u00eda, regiones pol\u00edtico-administrativas, elementos constitutivos del territorio nacional, recursos naturales en Chile, desarrollo sustentable y la relaci\u00f3n ser humano-medio.<\/p>\n\n\n\n<p>El curso Estad\u00edsticas en la vida cotidiana est\u00e1 orientado a estudiantes de primero medio y est\u00e1 pensado como complemento a la asignatura de Matem\u00e1ticas. En \u00e9l se busca que los estudiantes aprendan a calcular algunos de los productos del INE y la importancia de ellos para el desarrollo del Estado, as\u00ed como ense\u00f1ar contenidos como promedio, moda, principio aditivo y multiplicativo de las probabilidades.<\/p>\n\n\n\n<p>En tanto, el curso Estad\u00edsticas para no especialistas est\u00e1 enfocado en la comunidad en general y en \u00e9l se ense\u00f1an contenidos relacionados con conceptos estad\u00edsticos, como medidas de tendencia central, medidas de dispersi\u00f3n, clasificaci\u00f3n de variables, niveles de medici\u00f3n, tablas de frecuencias, entre otros, asociados a ejemplos cotidianos.<\/p>\n\n\n\n<p>El programa INEduca ofrecer\u00e1 dos cursos nuevos cada a\u00f1o. Por lo mismo, durante las pr\u00f3ximas semanas el INE liberar\u00e1 el curso&nbsp;Biodiversidad y conservaci\u00f3n,&nbsp;que abordar\u00e1 temas como los efectos del cambio clim\u00e1tico sobre los ciclos biogeoqu\u00edmicos en diversos ecosistemas y sus componentes y el impacto en la biodiversidad, entre otras materias. Estar\u00e1 dirigido a estudiantes de cuarto a\u00f1o medio.<\/p>\n\n\n\n<p>Cualquier persona puede acceder a los cursos, los que en promedio pueden ser completados en 1 hora.<\/p>\n","protected":false},"excerpt":{"rendered":"<p>Las clases est\u00e1n dirigidas principalmente a alumnos de ense\u00f1anza b\u00e1sica y media, pero tambi\u00e9n pueden ser tomadas por el p\u00fablico general. Acercar las estad\u00edsticas a&hellip; <\/p>\n","protected":false},"author":2,"featured_media":27073,"comment_status":"open","ping_status":"closed","sticky":false,"template":"","format":"standard","meta":{"footnotes":""},"categories":[7,37],"tags":[],"class_list":["post-27072","post","type-post","status-publish","format-standard","has-post-thumbnail","hentry","category-atacama","category-nacional"],"_links":{"self":[{"href":"https:\/\/www.radioamigavallenar.cl\/index.php?rest_route=\/wp\/v2\/posts\/27072","targetHints":{"allow":["GET"]}}],"collection":[{"href":"https:\/\/www.radioamigavallenar.cl\/index.php?rest_route=\/wp\/v2\/posts"}],"about":[{"href":"https:\/\/www.radioamigavallenar.cl\/index.php?rest_route=\/wp\/v2\/types\/post"}],"author":[{"embeddable":true,"href":"https:\/\/www.radioamigavallenar.cl\/index.php?rest_route=\/wp\/v2\/users\/2"}],"replies":[{"embeddable":true,"href":"https:\/\/www.radioamigavallenar.cl\/index.php?rest_route=%2Fwp%2Fv2%2Fcomments&post=27072"}],"version-history":[{"count":0,"href":"https:\/\/www.radioamigavallenar.cl\/index.php?rest_route=\/wp\/v2\/posts\/27072\/revisions"}],"wp:featuredmedia":[{"embeddable":true,"href":"https:\/\/www.radioamigavallenar.cl\/index.php?rest_route=\/wp\/v2\/media\/27073"}],"wp:attachment":[{"href":"https:\/\/www.radioamigavallenar.cl\/index.php?rest_route=%2Fwp%2Fv2%2Fmedia&parent=27072"}],"wp:term":[{"taxonomy":"category","embeddable":true,"href":"https:\/\/www.radioamigavallenar.cl\/index.php?rest_route=%2Fwp%2Fv2%2Fcategories&post=27072"},{"taxonomy":"post_tag","embeddable":true,"href":"https:\/\/www.radioamigavallenar.cl\/index.php?rest_route=%2Fwp%2Fv2%2Ftags&post=27072"}],"curies":[{"name":"wp","href":"https:\/\/api.w.org\/{rel}","templated":true}]}}