{"id":27039,"date":"2020-07-25T07:02:00","date_gmt":"2020-07-25T11:02:00","guid":{"rendered":"https:\/\/www.radioamigavallenar.cl\/?p=27039"},"modified":"2020-07-24T22:05:02","modified_gmt":"2020-07-25T02:05:02","slug":"presidente-pinera-promulga-ley-del-retiro-del-10-por-ciento-y-es-enviado-a-contraloria","status":"publish","type":"post","link":"https:\/\/www.radioamigavallenar.cl\/?p=27039","title":{"rendered":"Presidente Pi\u00f1era promulga Ley del retiro del 10 por ciento y es enviado a Contralor\u00eda"},"content":{"rendered":"\n<div class=\"wp-block-image\"><figure class=\"aligncenter size-large\"><img loading=\"lazy\" decoding=\"async\" width=\"900\" height=\"560\" src=\"https:\/\/www.radioamigavallenar.cl\/wp-content\/uploads\/2020\/03\/pi\u00f1era-scaled-1.jpg\" alt=\"\" class=\"wp-image-22235\" srcset=\"https:\/\/www.radioamigavallenar.cl\/wp-content\/uploads\/2020\/03\/pi\u00f1era-scaled-1.jpg 900w, https:\/\/www.radioamigavallenar.cl\/wp-content\/uploads\/2020\/03\/pi\u00f1era-scaled-1-300x187.jpg 300w, https:\/\/www.radioamigavallenar.cl\/wp-content\/uploads\/2020\/03\/pi\u00f1era-scaled-1-768x478.jpg 768w\" sizes=\"auto, (max-width: 900px) 100vw, 900px\" \/><\/figure><\/div>\n\n\n\n<p>Sin ceremonia y mediante un comunicado de prensa expuso que \u00abLa Secretar\u00eda General de la Presidencia continuar\u00e1 el procedimiento administrativo correspondiente y lo ingresar\u00e1 a la Contralor\u00eda General de la Rep\u00fablica, el d\u00eda lunes a primera hora, para su toma de raz\u00f3n\u00bb.<\/p>\n\n\n\n<p>La jornada de ayer viernes, el\u00a0Presidente Sebasti\u00e1n Pi\u00f1era promulg\u00f3 la reforma constitucional\u00a0que permite el retiro del 10% de los fondos de pensiones de las AFP.<\/p>\n\n\n\n<p>Sin ceremonia y mediante un comunicado de prensa que expuso, \u00abLa Presidencia de la Rep\u00fablica informa que el Presidente Sebasti\u00e1n Pi\u00f1era Echenique promulg\u00f3 este viernes, junto a los ministros de Hacienda, Ignacio Briones; de la Secretar\u00eda General de la Presidencia, Claudio Alvarado; y del Trabajo (s), Fernando Arab, la Reforma Constitucional que permite el Retiro Excepcional de los Fondos Acumulados de Capitalizaci\u00f3n Individual.<\/p>\n\n\n\n<p>\u00abLa Secretar\u00eda General de la Presidencia continuar\u00e1 el procedimiento administrativo correspondiente y lo ingresar\u00e1 a la Contralor\u00eda General de la Rep\u00fablica, el d\u00eda lunes a primera hora, para su toma de raz\u00f3n\u00bb, indica el comunicado.<\/p>\n","protected":false},"excerpt":{"rendered":"<p>Sin ceremonia y mediante un comunicado de prensa expuso que \u00abLa Secretar\u00eda General de la Presidencia continuar\u00e1 el procedimiento administrativo correspondiente y lo ingresar\u00e1 a&hellip; <\/p>\n","protected":false},"author":2,"featured_media":22235,"comment_status":"open","ping_status":"closed","sticky":false,"template":"","format":"standard","meta":{"footnotes":""},"categories":[37],"tags":[],"class_list":["post-27039","post","type-post","status-publish","format-standard","has-post-thumbnail","hentry","category-nacional"],"_links":{"self":[{"href":"https:\/\/www.radioamigavallenar.cl\/index.php?rest_route=\/wp\/v2\/posts\/27039","targetHints":{"allow":["GET"]}}],"collection":[{"href":"https:\/\/www.radioamigavallenar.cl\/index.php?rest_route=\/wp\/v2\/posts"}],"about":[{"href":"https:\/\/www.radioamigavallenar.cl\/index.php?rest_route=\/wp\/v2\/types\/post"}],"author":[{"embeddable":true,"href":"https:\/\/www.radioamigavallenar.cl\/index.php?rest_route=\/wp\/v2\/users\/2"}],"replies":[{"embeddable":true,"href":"https:\/\/www.radioamigavallenar.cl\/index.php?rest_route=%2Fwp%2Fv2%2Fcomments&post=27039"}],"version-history":[{"count":0,"href":"https:\/\/www.radioamigavallenar.cl\/index.php?rest_route=\/wp\/v2\/posts\/27039\/revisions"}],"wp:featuredmedia":[{"embeddable":true,"href":"https:\/\/www.radioamigavallenar.cl\/index.php?rest_route=\/wp\/v2\/media\/22235"}],"wp:attachment":[{"href":"https:\/\/www.radioamigavallenar.cl\/index.php?rest_route=%2Fwp%2Fv2%2Fmedia&parent=27039"}],"wp:term":[{"taxonomy":"category","embeddable":true,"href":"https:\/\/www.radioamigavallenar.cl\/index.php?rest_route=%2Fwp%2Fv2%2Fcategories&post=27039"},{"taxonomy":"post_tag","embeddable":true,"href":"https:\/\/www.radioamigavallenar.cl\/index.php?rest_route=%2Fwp%2Fv2%2Ftags&post=27039"}],"curies":[{"name":"wp","href":"https:\/\/api.w.org\/{rel}","templated":true}]}}