{"id":27036,"date":"2020-07-25T07:01:00","date_gmt":"2020-07-25T11:01:00","guid":{"rendered":"https:\/\/www.radioamigavallenar.cl\/?p=27036"},"modified":"2020-07-24T22:02:53","modified_gmt":"2020-07-25T02:02:53","slug":"serviu-atacama-y-municipio-de-chanaral-gestionan-traspaso-del-terreno-para-cft","status":"publish","type":"post","link":"https:\/\/www.radioamigavallenar.cl\/?p=27036","title":{"rendered":"Serviu Atacama y Municipio de Cha\u00f1aral gestionan traspaso del terreno para CFT"},"content":{"rendered":"\n<div class=\"wp-block-image\"><figure class=\"aligncenter size-large\"><img loading=\"lazy\" decoding=\"async\" width=\"1024\" height=\"576\" src=\"https:\/\/www.radioamigavallenar.cl\/wp-content\/uploads\/2020\/07\/REUNION-POR-TERRENO-CFT-ESTATAL-CHA\u00d1ARAL-1024x576.jpg\" alt=\"\" class=\"wp-image-27037\" srcset=\"https:\/\/www.radioamigavallenar.cl\/wp-content\/uploads\/2020\/07\/REUNION-POR-TERRENO-CFT-ESTATAL-CHA\u00d1ARAL-1024x576.jpg 1024w, https:\/\/www.radioamigavallenar.cl\/wp-content\/uploads\/2020\/07\/REUNION-POR-TERRENO-CFT-ESTATAL-CHA\u00d1ARAL-300x169.jpg 300w, https:\/\/www.radioamigavallenar.cl\/wp-content\/uploads\/2020\/07\/REUNION-POR-TERRENO-CFT-ESTATAL-CHA\u00d1ARAL-768x432.jpg 768w, https:\/\/www.radioamigavallenar.cl\/wp-content\/uploads\/2020\/07\/REUNION-POR-TERRENO-CFT-ESTATAL-CHA\u00d1ARAL.jpg 1280w\" sizes=\"auto, (max-width: 1024px) 100vw, 1024px\" \/><\/figure><\/div>\n\n\n\n<p>El Director del Servicio, Rodrigo Maturana, precis\u00f3 que el terreno id\u00f3neo est\u00e1 ubicado en el sector \u201c26 de Octubre\u201d, al lado del conjunto habitacional \u201cOasis de Cha\u00f1aral\u201d del Minvu, en la nueva zona de expansi\u00f3n urbana de la comuna.<\/p>\n\n\n\n<p>El Seremi Minvu Atacama, Pedro R\u00edos; y el Director del Serviu Atacama, Rodrigo Maturana; se reunieron, recientemente, con el Alcalde de Cha\u00f1aral, Ra\u00fal Salas Aguilera; y con profesionales de ambos servicios; para analizar el estado de avance del traspaso del terreno del Ministerio de Vivienda y Urbanismo para la construcci\u00f3n de un Centro de Formaci\u00f3n T\u00e9cnica Estatal, en dicha comuna.<\/p>\n\n\n\n<p>El Minvu, luego del an\u00e1lisis de tres opciones, concluy\u00f3 que el terreno id\u00f3neo para este proyecto educacional es el ubicado en el sector \u201c26 de Octubre\u201d, junto al conjunto habitacional del Plan de Reconstrucci\u00f3n \u201cOasis de Cha\u00f1aral\u201d, en la nueva zona segura de expansi\u00f3n urbana, libre de riesgo de tsunami, donde el Ministerio de Obras P\u00fablicas ha realizado obras de mitigaci\u00f3n ante una eventual crecida del R\u00edo Salado.<\/p>\n\n\n\n<p>Pedro R\u00edos afirm\u00f3 que \u201ccomo Ministerio de Vivienda y Urbanismo estamos apoyando la creaci\u00f3n del CFT Estatal para Cha\u00f1aral, traspasando al municipio el terreno actualmente de propiedad del Serviu Atacama y el compromiso con el Alcalde es poder disponer de m\u00e1s terreno, si es necesario, para la construcci\u00f3n. Las gestiones van por buen camino y es muy importante para nosotros porque es un proyecto que va orientado al desarrollo educacional de la comunidad local, a potenciar la vocaci\u00f3n de los j\u00f3venes de la comuna e inyectan un potencial enorme en lo que ser\u00e1 el desarrollo econ\u00f3mico de la provincia y de nuestra regi\u00f3n\u201d.<\/p>\n\n\n\n<p>Por su parte, Rodrigo Maturana, agreg\u00f3: \u201cPara nuestro Ministerio, especialmente para el Serviu Atacama, este proyecto reviste la mayor importancia. La construcci\u00f3n de un CFT Estatal, en conjunto con el Ministerio de Educaci\u00f3n, la Universidad de Atacama y el municipio de Cha\u00f1aral; ser\u00e1 una oportunidad para los j\u00f3venes para continuar sus estudios superiores sin salir de la comuna y, en el futuro, tener una mejor calidad de vida junto a sus familias\u201d.<\/p>\n\n\n\n<p>Finalmente, el Alcalde Ra\u00fal Salas sostuvo que en \u201ceste proyecto de educaci\u00f3n superior para Cha\u00f1aral se han puesto todas las energ\u00edas para trabajar con un plan ambicioso y potente, que entregue todas las garant\u00edas a los futuros estudiantes. El CFT llegar\u00e1 en beneficio de los j\u00f3venes y la comunidad en general, tambi\u00e9n de los padres, quienes hacen sacrificios enormes en lo econ\u00f3mico y emocional para mandar a estudiar a sus hijos a otros puntos del pa\u00eds\u201d.<\/p>\n","protected":false},"excerpt":{"rendered":"<p>El Director del Servicio, Rodrigo Maturana, precis\u00f3 que el terreno id\u00f3neo est\u00e1 ubicado en el sector \u201c26 de Octubre\u201d, al lado del conjunto habitacional \u201cOasis&hellip; <\/p>\n","protected":false},"author":2,"featured_media":27037,"comment_status":"open","ping_status":"closed","sticky":false,"template":"","format":"standard","meta":{"footnotes":""},"categories":[7],"tags":[],"class_list":["post-27036","post","type-post","status-publish","format-standard","has-post-thumbnail","hentry","category-atacama"],"_links":{"self":[{"href":"https:\/\/www.radioamigavallenar.cl\/index.php?rest_route=\/wp\/v2\/posts\/27036","targetHints":{"allow":["GET"]}}],"collection":[{"href":"https:\/\/www.radioamigavallenar.cl\/index.php?rest_route=\/wp\/v2\/posts"}],"about":[{"href":"https:\/\/www.radioamigavallenar.cl\/index.php?rest_route=\/wp\/v2\/types\/post"}],"author":[{"embeddable":true,"href":"https:\/\/www.radioamigavallenar.cl\/index.php?rest_route=\/wp\/v2\/users\/2"}],"replies":[{"embeddable":true,"href":"https:\/\/www.radioamigavallenar.cl\/index.php?rest_route=%2Fwp%2Fv2%2Fcomments&post=27036"}],"version-history":[{"count":0,"href":"https:\/\/www.radioamigavallenar.cl\/index.php?rest_route=\/wp\/v2\/posts\/27036\/revisions"}],"wp:featuredmedia":[{"embeddable":true,"href":"https:\/\/www.radioamigavallenar.cl\/index.php?rest_route=\/wp\/v2\/media\/27037"}],"wp:attachment":[{"href":"https:\/\/www.radioamigavallenar.cl\/index.php?rest_route=%2Fwp%2Fv2%2Fmedia&parent=27036"}],"wp:term":[{"taxonomy":"category","embeddable":true,"href":"https:\/\/www.radioamigavallenar.cl\/index.php?rest_route=%2Fwp%2Fv2%2Fcategories&post=27036"},{"taxonomy":"post_tag","embeddable":true,"href":"https:\/\/www.radioamigavallenar.cl\/index.php?rest_route=%2Fwp%2Fv2%2Ftags&post=27036"}],"curies":[{"name":"wp","href":"https:\/\/api.w.org\/{rel}","templated":true}]}}