{"id":27033,"date":"2020-07-25T07:00:00","date_gmt":"2020-07-25T11:00:00","guid":{"rendered":"https:\/\/www.radioamigavallenar.cl\/?p=27033"},"modified":"2020-07-24T22:00:47","modified_gmt":"2020-07-25T02:00:47","slug":"ministro-prokurica-se-reune-con-presidente-ejecutivo-de-codelco-para-abordar-continuidad-de-rajo-inca","status":"publish","type":"post","link":"https:\/\/www.radioamigavallenar.cl\/?p=27033","title":{"rendered":"Ministro Prokurica se re\u00fane con Presidente Ejecutivo de Codelco para abordar continuidad de Rajo Inca"},"content":{"rendered":"\n<div class=\"wp-block-image\"><figure class=\"aligncenter size-large\"><img loading=\"lazy\" decoding=\"async\" width=\"1024\" height=\"683\" src=\"https:\/\/www.radioamigavallenar.cl\/wp-content\/uploads\/2020\/07\/Ministro-Rajo-Inca-Archivo-1536x1025-1-1024x683.jpg\" alt=\"\" class=\"wp-image-27034\" srcset=\"https:\/\/www.radioamigavallenar.cl\/wp-content\/uploads\/2020\/07\/Ministro-Rajo-Inca-Archivo-1536x1025-1-1024x683.jpg 1024w, https:\/\/www.radioamigavallenar.cl\/wp-content\/uploads\/2020\/07\/Ministro-Rajo-Inca-Archivo-1536x1025-1-300x200.jpg 300w, https:\/\/www.radioamigavallenar.cl\/wp-content\/uploads\/2020\/07\/Ministro-Rajo-Inca-Archivo-1536x1025-1-768x513.jpg 768w, https:\/\/www.radioamigavallenar.cl\/wp-content\/uploads\/2020\/07\/Ministro-Rajo-Inca-Archivo-1536x1025-1.jpg 1536w\" sizes=\"auto, (max-width: 1024px) 100vw, 1024px\" \/><\/figure><\/div>\n\n\n\n<p>El secretario de Estado se\u00f1al\u00f3 que el proyecto de expansi\u00f3n significa entregar seguridad y certeza a m\u00e1s de 5.500 familias, de aquellos que laboran hoy en la Divisi\u00f3n El Salvador.<\/p>\n\n\n\n<p>El ministro de Miner\u00eda, Baldo Prokurica, se reuni\u00f3 durante esta jornada con el presidente ejecutivo de Codelco, Octavio Araneda, con el fin de abordar la situaci\u00f3n actual de Divisi\u00f3n El Salvador y el proyecto Rajo Inca, tras la demanda presentada por el Consejo de Defensa del Estado, en contra de la estatal, en el Primer Tribunal Ambiental por la extracci\u00f3n de agua en el Salar de Pedernales.<\/p>\n\n\n\n<p>Tras el encuentro, el secretario de Estado sostuvo que \u201cdurante esta reuni\u00f3n, escuchamos el planteamiento respecto de esta demanda por un supuesto da\u00f1o ambiental que se habr\u00eda producido en la Divisi\u00f3n El Salvador y expresarles nuestra m\u00e1xima preocupaci\u00f3n por el proyecto Rajo Inca para que se pueda llevar adelante y no se detenga\u201d.<\/p>\n\n\n\n<p>Prokurica a\u00f1adi\u00f3 que \u201ceste nuevo proyecto significa darle seguridad y certeza a m\u00e1s de 5.500 familias, de aquellos que laboran hoy en la divisi\u00f3n y tambi\u00e9n para muchos otros que pueden tener una oportunidad de trabajo\u201d.<\/p>\n\n\n\n<p>Asimismo, el titular de Miner\u00eda puntualiz\u00f3 que \u201ccomo Gobierno del Presidente Sebasti\u00e1n Pi\u00f1era nos vamos a empe\u00f1ar para que este tema se solucione y no tengamos esta espada de Damocles sobre las familias de los trabajadores de Codelco ante la posibilidad de perder sus trabajos al no sacar adelante este proyecto que har\u00e1 que El Salvador deje de ser una de las divisiones peque\u00f1as, se ponga pantal\u00f3n largo, y subir de 60 mil a 93 mil toneladas de producci\u00f3n\u201d.<\/p>\n\n\n\n<p>El ministro Prokurica se\u00f1al\u00f3 que espera \u201cque este tema termine bien, respetando el medio ambiente, cumpliendo con la legislaci\u00f3n vigente, pero adem\u00e1s de eso, cuidando los puestos de trabajo\u201d.<\/p>\n\n\n\n<p>Finalmente, el secretario de Estado agradeci\u00f3 el apoyo que ha tenido el proyecto de expansi\u00f3n de la Divisi\u00f3n EL Salvador por parte del Intendente de Atacama, Patricio Urquieta, y tambi\u00e9n del Sindicato Benito Tapia, quienes han respaldado esta iniciativa.<\/p>\n","protected":false},"excerpt":{"rendered":"<p>El secretario de Estado se\u00f1al\u00f3 que el proyecto de expansi\u00f3n significa entregar seguridad y certeza a m\u00e1s de 5.500 familias, de aquellos que laboran hoy&hellip; <\/p>\n","protected":false},"author":2,"featured_media":27034,"comment_status":"open","ping_status":"closed","sticky":false,"template":"","format":"standard","meta":{"footnotes":""},"categories":[7,34],"tags":[],"class_list":["post-27033","post","type-post","status-publish","format-standard","has-post-thumbnail","hentry","category-atacama","category-mineria"],"_links":{"self":[{"href":"https:\/\/www.radioamigavallenar.cl\/index.php?rest_route=\/wp\/v2\/posts\/27033","targetHints":{"allow":["GET"]}}],"collection":[{"href":"https:\/\/www.radioamigavallenar.cl\/index.php?rest_route=\/wp\/v2\/posts"}],"about":[{"href":"https:\/\/www.radioamigavallenar.cl\/index.php?rest_route=\/wp\/v2\/types\/post"}],"author":[{"embeddable":true,"href":"https:\/\/www.radioamigavallenar.cl\/index.php?rest_route=\/wp\/v2\/users\/2"}],"replies":[{"embeddable":true,"href":"https:\/\/www.radioamigavallenar.cl\/index.php?rest_route=%2Fwp%2Fv2%2Fcomments&post=27033"}],"version-history":[{"count":0,"href":"https:\/\/www.radioamigavallenar.cl\/index.php?rest_route=\/wp\/v2\/posts\/27033\/revisions"}],"wp:featuredmedia":[{"embeddable":true,"href":"https:\/\/www.radioamigavallenar.cl\/index.php?rest_route=\/wp\/v2\/media\/27034"}],"wp:attachment":[{"href":"https:\/\/www.radioamigavallenar.cl\/index.php?rest_route=%2Fwp%2Fv2%2Fmedia&parent=27033"}],"wp:term":[{"taxonomy":"category","embeddable":true,"href":"https:\/\/www.radioamigavallenar.cl\/index.php?rest_route=%2Fwp%2Fv2%2Fcategories&post=27033"},{"taxonomy":"post_tag","embeddable":true,"href":"https:\/\/www.radioamigavallenar.cl\/index.php?rest_route=%2Fwp%2Fv2%2Ftags&post=27033"}],"curies":[{"name":"wp","href":"https:\/\/api.w.org\/{rel}","templated":true}]}}