{"id":26905,"date":"2020-07-23T07:03:02","date_gmt":"2020-07-23T11:03:02","guid":{"rendered":"https:\/\/www.radioamigavallenar.cl\/?p=26905"},"modified":"2020-07-23T07:03:03","modified_gmt":"2020-07-23T11:03:03","slug":"fiscalia-formalizara-causa-por-dano-ambiental-tras-derrame-de-concentrado-de-cobre","status":"publish","type":"post","link":"https:\/\/www.radioamigavallenar.cl\/?p=26905","title":{"rendered":"Fiscal\u00eda formalizar\u00e1 causa por da\u00f1o ambiental tras derrame de concentrado de cobre"},"content":{"rendered":"\n<div class=\"wp-block-image\"><figure class=\"aligncenter size-large\"><img loading=\"lazy\" decoding=\"async\" width=\"1024\" height=\"683\" src=\"https:\/\/www.radioamigavallenar.cl\/wp-content\/uploads\/2020\/07\/IMG_7957-1024x683.jpg\" alt=\"\" class=\"wp-image-26906\" srcset=\"https:\/\/www.radioamigavallenar.cl\/wp-content\/uploads\/2020\/07\/IMG_7957-1024x683.jpg 1024w, https:\/\/www.radioamigavallenar.cl\/wp-content\/uploads\/2020\/07\/IMG_7957-300x200.jpg 300w, https:\/\/www.radioamigavallenar.cl\/wp-content\/uploads\/2020\/07\/IMG_7957-768x512.jpg 768w, https:\/\/www.radioamigavallenar.cl\/wp-content\/uploads\/2020\/07\/IMG_7957-1536x1024.jpg 1536w, https:\/\/www.radioamigavallenar.cl\/wp-content\/uploads\/2020\/07\/IMG_7957.jpg 1920w\" sizes=\"auto, (max-width: 1024px) 100vw, 1024px\" \/><\/figure><\/div>\n\n\n\n<p><strong>Fiscal\u00eda Local de Diego de Almagro indag\u00f3 lo ocurrido en el r\u00edo Salado, cuyas aguas con material minero llegaron al sector de Caleta Palitos en la costa de Cha\u00f1aral.<\/strong><\/p>\n\n\n\n<p>La Fiscal\u00eda de Atacama comunicar\u00e1 los hechos por los que investigar\u00e1 a tres ex funcionarios de Codelco Divisi\u00f3n El Salvador, por una causa que indaga la Fiscal\u00eda Local de Diego de Almagro por delitos de car\u00e1cter medioambiental.<\/p>\n\n\n\n<p>De acuerdo a los antecedentes de esta causa, el fiscal jefe de Diego de Almagro, Pedro Pablo Orellana, junto a la Bidema de la PDI y personal de la Armada, desarroll\u00f3 una investigaci\u00f3n detallada de los hechos denunciados. Los cuales dieron cuenta que en el mes de septiembre del a\u00f1o 2015 en sector de Llanta desde un mineroducto, tuber\u00eda que transporta material, ocurri\u00f3 un vertimiento de una gran cantidad de concentrado de cobre que cayeron al r\u00edo Salado y desde ah\u00ed el material deriv\u00f3 hasta el mar, espec\u00edficamente al sector costero que se ubica en la Caleta Palitos ubicada al norte de la comuna de Cha\u00f1aral.<\/p>\n\n\n\n<p>Respecto de ello, y tras la denuncia de lo ocurrido, la Fiscal\u00eda indag\u00f3 el delito de \u201cPropagaci\u00f3n de productos o elementos peligrosos para la salud animal o vegetal\u201d, previsto y sancionado en el art\u00edculo 291 del C\u00f3digo Penal. Il\u00edcito del cual se atribuye responsabilidad a tres ex ejecutivos de Codelco, quienes fueron notificados para que est\u00e9n presentes en la audiencia de formalizaci\u00f3n que fue programada para el pr\u00f3ximo 27 de julio v\u00eda video conferencia.<\/p>\n\n\n\n<p>En dicha instancia judicial la Fiscal\u00eda estar\u00e1 representada por el fiscal Pedro Pablo Orellana, quien expondr\u00e1 los antecedentes reunidos por el Ministerio P\u00fablico para establecer responsabilidad penal en la propagaci\u00f3n del concentrado de cobre en uno de los pocos cursos de agua de la comuna de Diego de Almagro, los que luego, adem\u00e1s, desembocaron en el mar.<\/p>\n","protected":false},"excerpt":{"rendered":"<p>Fiscal\u00eda Local de Diego de Almagro indag\u00f3 lo ocurrido en el r\u00edo Salado, cuyas aguas con material minero llegaron al sector de Caleta Palitos en&hellip; <\/p>\n","protected":false},"author":2,"featured_media":26906,"comment_status":"open","ping_status":"closed","sticky":false,"template":"","format":"standard","meta":{"footnotes":""},"categories":[7,34],"tags":[],"class_list":["post-26905","post","type-post","status-publish","format-standard","has-post-thumbnail","hentry","category-atacama","category-mineria"],"_links":{"self":[{"href":"https:\/\/www.radioamigavallenar.cl\/index.php?rest_route=\/wp\/v2\/posts\/26905","targetHints":{"allow":["GET"]}}],"collection":[{"href":"https:\/\/www.radioamigavallenar.cl\/index.php?rest_route=\/wp\/v2\/posts"}],"about":[{"href":"https:\/\/www.radioamigavallenar.cl\/index.php?rest_route=\/wp\/v2\/types\/post"}],"author":[{"embeddable":true,"href":"https:\/\/www.radioamigavallenar.cl\/index.php?rest_route=\/wp\/v2\/users\/2"}],"replies":[{"embeddable":true,"href":"https:\/\/www.radioamigavallenar.cl\/index.php?rest_route=%2Fwp%2Fv2%2Fcomments&post=26905"}],"version-history":[{"count":0,"href":"https:\/\/www.radioamigavallenar.cl\/index.php?rest_route=\/wp\/v2\/posts\/26905\/revisions"}],"wp:featuredmedia":[{"embeddable":true,"href":"https:\/\/www.radioamigavallenar.cl\/index.php?rest_route=\/wp\/v2\/media\/26906"}],"wp:attachment":[{"href":"https:\/\/www.radioamigavallenar.cl\/index.php?rest_route=%2Fwp%2Fv2%2Fmedia&parent=26905"}],"wp:term":[{"taxonomy":"category","embeddable":true,"href":"https:\/\/www.radioamigavallenar.cl\/index.php?rest_route=%2Fwp%2Fv2%2Fcategories&post=26905"},{"taxonomy":"post_tag","embeddable":true,"href":"https:\/\/www.radioamigavallenar.cl\/index.php?rest_route=%2Fwp%2Fv2%2Ftags&post=26905"}],"curies":[{"name":"wp","href":"https:\/\/api.w.org\/{rel}","templated":true}]}}