{"id":26902,"date":"2020-07-23T06:59:21","date_gmt":"2020-07-23T10:59:21","guid":{"rendered":"https:\/\/www.radioamigavallenar.cl\/?p=26902"},"modified":"2020-07-23T06:59:22","modified_gmt":"2020-07-23T10:59:22","slug":"con-votos-de-chile-vamos-senado-aprueba-en-general-proyecto-de-reforma-para-retiro-del-10","status":"publish","type":"post","link":"https:\/\/www.radioamigavallenar.cl\/?p=26902","title":{"rendered":"Con votos de Chile Vamos: Senado aprueba en general proyecto de reforma para retiro del 10%"},"content":{"rendered":"\n<div class=\"wp-block-image\"><figure class=\"aligncenter size-large\"><img loading=\"lazy\" decoding=\"async\" width=\"1024\" height=\"683\" src=\"https:\/\/www.radioamigavallenar.cl\/wp-content\/uploads\/2020\/07\/Aton_434048-1024x683.jpg\" alt=\"\" class=\"wp-image-26903\" srcset=\"https:\/\/www.radioamigavallenar.cl\/wp-content\/uploads\/2020\/07\/Aton_434048-1024x683.jpg 1024w, https:\/\/www.radioamigavallenar.cl\/wp-content\/uploads\/2020\/07\/Aton_434048-300x200.jpg 300w, https:\/\/www.radioamigavallenar.cl\/wp-content\/uploads\/2020\/07\/Aton_434048-768x512.jpg 768w, https:\/\/www.radioamigavallenar.cl\/wp-content\/uploads\/2020\/07\/Aton_434048.jpg 1140w\" sizes=\"auto, (max-width: 1024px) 100vw, 1024px\" \/><\/figure><\/div>\n\n\n\n<p>Tal como se estimaba y ante la presencia de parte importante del comit\u00e9 pol\u00edtico del Gobierno, la iniciativa obtuvo en su segundo tr\u00e1mite el apoyo de los 24 parlamentarios de oposici\u00f3n y 5 del oficialismo. Ahora, continuar\u00e1n votando en particular el proyecto.<\/p>\n\n\n\n<p>Ayer mi\u00e9rcoles, el Senado aprob\u00f3 en general en su segundo tr\u00e1mite el proyecto de reforma constitucional que permite el retiro excepcional de hasta un 10% de los ahorros previsionales en las AFP de quienes cotizan en el pa\u00eds.<\/p>\n\n\n\n<p>Tal como se hab\u00edan pronunciado varios parlamentarios en d\u00edas anteriores, la iniciativa, que requer\u00eda al menos de 26 preferencias, obtuvo el apoyo masivo de la oposici\u00f3n con sus 24 representantes, m\u00e1s 5 de Chile Vamos que fueron en total 29 votos a favor del proyecto, 13 en contra y 1 abstenci\u00f3n.<\/p>\n\n\n\n<p>La sesi\u00f3n, que se realiz\u00f3 de manera semipresencial con una parte en la sede del Congreso, cont\u00f3 con la presencia de ministros del comit\u00e9 pol\u00edtico del gabinete como Gonzalo Blumel (Interior), Ignacio Briones (Hacienda) y Claudio Alvarado (Segpres).<\/p>\n\n\n\n<p>El siguiente paso del proyecto ser\u00e1 este jueves en la C\u00e1mara de Diputadas y Diputados, donde ser\u00e1 puesto en tabla para sortear su tercer tr\u00e1mite y eventual despacho, de acuerdo a lo que se\u00f1al\u00f3 el presidente de la corporaci\u00f3n, Diego Paulsen (RN).<\/p>\n","protected":false},"excerpt":{"rendered":"<p>Tal como se estimaba y ante la presencia de parte importante del comit\u00e9 pol\u00edtico del Gobierno, la iniciativa obtuvo en su segundo tr\u00e1mite el apoyo&hellip; <\/p>\n","protected":false},"author":2,"featured_media":26903,"comment_status":"open","ping_status":"closed","sticky":false,"template":"","format":"standard","meta":{"footnotes":""},"categories":[37],"tags":[],"class_list":["post-26902","post","type-post","status-publish","format-standard","has-post-thumbnail","hentry","category-nacional"],"_links":{"self":[{"href":"https:\/\/www.radioamigavallenar.cl\/index.php?rest_route=\/wp\/v2\/posts\/26902","targetHints":{"allow":["GET"]}}],"collection":[{"href":"https:\/\/www.radioamigavallenar.cl\/index.php?rest_route=\/wp\/v2\/posts"}],"about":[{"href":"https:\/\/www.radioamigavallenar.cl\/index.php?rest_route=\/wp\/v2\/types\/post"}],"author":[{"embeddable":true,"href":"https:\/\/www.radioamigavallenar.cl\/index.php?rest_route=\/wp\/v2\/users\/2"}],"replies":[{"embeddable":true,"href":"https:\/\/www.radioamigavallenar.cl\/index.php?rest_route=%2Fwp%2Fv2%2Fcomments&post=26902"}],"version-history":[{"count":0,"href":"https:\/\/www.radioamigavallenar.cl\/index.php?rest_route=\/wp\/v2\/posts\/26902\/revisions"}],"wp:featuredmedia":[{"embeddable":true,"href":"https:\/\/www.radioamigavallenar.cl\/index.php?rest_route=\/wp\/v2\/media\/26903"}],"wp:attachment":[{"href":"https:\/\/www.radioamigavallenar.cl\/index.php?rest_route=%2Fwp%2Fv2%2Fmedia&parent=26902"}],"wp:term":[{"taxonomy":"category","embeddable":true,"href":"https:\/\/www.radioamigavallenar.cl\/index.php?rest_route=%2Fwp%2Fv2%2Fcategories&post=26902"},{"taxonomy":"post_tag","embeddable":true,"href":"https:\/\/www.radioamigavallenar.cl\/index.php?rest_route=%2Fwp%2Fv2%2Ftags&post=26902"}],"curies":[{"name":"wp","href":"https:\/\/api.w.org\/{rel}","templated":true}]}}