{"id":26898,"date":"2020-07-22T11:00:00","date_gmt":"2020-07-22T15:00:00","guid":{"rendered":"https:\/\/www.radioamigavallenar.cl\/?p=26898"},"modified":"2020-07-22T12:58:47","modified_gmt":"2020-07-22T16:58:47","slug":"la-moneda-asume-derrota-legislativa-y-se-debate-entre-el-veto-o-el-tc-para-frenar-retiro-del-10","status":"publish","type":"post","link":"https:\/\/www.radioamigavallenar.cl\/?p=26898","title":{"rendered":"La Moneda asume derrota legislativa y se debate entre el veto o el TC para frenar retiro del 10%"},"content":{"rendered":"\n<div class=\"wp-block-image\"><figure class=\"aligncenter size-large\"><img loading=\"lazy\" decoding=\"async\" width=\"750\" height=\"400\" src=\"https:\/\/www.radioamigavallenar.cl\/wp-content\/uploads\/2020\/07\/a_uno_1196354-1-750x400-1.jpg\" alt=\"\" class=\"wp-image-26899\" srcset=\"https:\/\/www.radioamigavallenar.cl\/wp-content\/uploads\/2020\/07\/a_uno_1196354-1-750x400-1.jpg 750w, https:\/\/www.radioamigavallenar.cl\/wp-content\/uploads\/2020\/07\/a_uno_1196354-1-750x400-1-300x160.jpg 300w\" sizes=\"auto, (max-width: 750px) 100vw, 750px\" \/><\/figure><\/div>\n\n\n\n<p>El Ejecutivo ya se rindi\u00f3 y cada d\u00eda le quedan menos opciones. Y si bien no descartan el veto presidencial o acudir al Tribunal Constitucional (TC), en las propias huestes oficialistas admiten que no hay margen para asumir el costo pol\u00edtico que implicar\u00eda.<\/p>\n\n\n\n<p>Con pr\u00e1cticamente una nueva derrota asegurada para este mi\u00e9rcoles, el Gobierno se empez\u00f3 a quedar con pocas opciones para intentar frenar el proyecto de retiro previsional en el Congreso.<\/p>\n\n\n\n<p>En Palacio ya dieron por perdida la batalla en el Senado. Incluso en el eventual tercer tr\u00e1mite en la C\u00e1mara. Y pese a que ayer mi\u00e9rcoles apareci\u00f3 en el Congreso -despu\u00e9s de largo tiempo- el ministro de la Secretar\u00eda General de la Presidencia (Segpres), Claudio Alvarado, s\u00f3lo se le vio conversar con algunos senadores que se han manifestado abiertamente en contra de la iniciativa.<\/p>\n\n\n\n<p>Pero incluso ese mismo grupo parlamentario -que a\u00fan se alinea con el Ejecutivo- reclama contra la estrategia del Gobierno, que abandon\u00f3 toda intenci\u00f3n de colegislar e intentar plantear modificaciones en medio del debate. \u201cEso implica tomar la iniciativa en el Senado y acumular iniciativas para que los recursos lleguen a las personas directamente afectadas\u201d, advirti\u00f3 el senador RN Francisco Chahu\u00e1n.<\/p>\n\n\n\n<p>En paralelo, en la discusi\u00f3n del IFE 2.0 en la Comisi\u00f3n de Hacienda, el senador Juan Antonio Coloma coloc\u00f3 sobre la mesa que el bono de 500 mil pesos ofrecido por el Gobierno para la clase media sea otorgado a quienes tienen un ingreso desde los 400 mil pesos (inicialmente part\u00eda en 500 mil pesos), como un intento ins\u00edpido por cambiar alg\u00fan voto este mi\u00e9rcoles.<\/p>\n\n\n\n<p>No cumpli\u00f3 para nada su prop\u00f3sito, pues el ramillete de senadores oficialistas que anunciaron su apoyo al retiro del 10% -Durana, Sandoval, Castro, Ossand\u00f3n y Moreira- mantuvieron firme su posici\u00f3n (al menos hasta el final del d\u00eda martes).<\/p>\n\n\n\n<p>Por ahora,\u00a0frente a una derrota casi segura, en el horizonte asoman dos caminos posibles: el Tribunal Constitucional y\/o el veto presidencial.<\/p>\n\n\n\n<p>No obstante, en los pasillos del Congreso algunos\u00a0parlamentarios del propio oficialismo admiten que en realidad no existe el respaldo pol\u00edtico para que el presidente Sebasti\u00e1n Pi\u00f1era impulse un veto y aquellos m\u00e1s duros incluso plantean tajantemente que, en los hechos, dicha opci\u00f3n \u201ctiene menos piso que un palafito\u201d.<\/p>\n\n\n\n<p>\u201cLo que ha ocurrido hasta ahora es que el Gobierno llega tarde a la tramitaci\u00f3n de los proyectos de ley, y cuando eso ocurre, finalmente se empieza a abusar del mecanismo del veto\u201d, insisti\u00f3 Chahu\u00e1n.<\/p>\n\n\n\n<p>Iv\u00e1n Moreira fue a\u00fan m\u00e1s tajante: \u201cEl Gobierno podr\u00e1 tener el derecho, pero ser\u00eda el peor error pol\u00edtico de nuestro Gobierno y un golpe bajo a millones de chilenos que est\u00e1n sufriendo. Una decisi\u00f3n de esa naturaleza terminar\u00eda sepultando a nuestro Gobierno\u201d, <\/p>\n\n\n\n<p>A\u00fan as\u00ed en La Moneda no descartan la opci\u00f3n: \u201cEstamos viendo como se desencadena el debate antes de finalmente tomar una decisi\u00f3n. Todas las herramientas sobre la mesa siempre est\u00e1n, en todos y en cada uno de los proyectos de ley\u201d, admiti\u00f3 la vocera Karla Rubilar.<\/p>\n\n\n\n<p>Como sea, durante la tarde, a partir de las 13:00 horas, la Sala del Senado discutir\u00e1 en general y en particular el proyecto y definir\u00e1 la suerte de la iniciativa en su segundo tr\u00e1mite. Cada parlamentario tendr\u00e1 cinco minutos para intervenir y con esos tiempos se espera que la votaci\u00f3n en general se ejecute cerca de las 17:00 horas.<\/p>\n\n\n\n<p>Acto seguido, en particular, zanjar\u00e1n la incorporaci\u00f3n de algunos cambios espec\u00edficos a la propuesta, que fueron incorporados en la Comisi\u00f3n de Constituci\u00f3n de la C\u00e1mara Alta el lunes, como la reposici\u00f3n de un Fondo Colectivo Solidario de Pensiones -que fue desestimado en su primer tr\u00e1mite por los diputados-; la incorporaci\u00f3n de jubilados al beneficio; transferencia sin comisi\u00f3n y en dos cuotas; y un plazo de hasta 360 d\u00edas para efectuar el retiro, aunque haya terminado el Estado de Excepci\u00f3n.<\/p>\n\n\n\n<p>En rigor, son 8 indicaciones a revisar. Pero lo m\u00e1s probable es que -como varias apuntan a asuntos similares- la lista sea reducida para acelerar la discusi\u00f3n y no cerrar la votaci\u00f3n en la madrugada.<\/p>\n\n\n\n<p>Excepto alguna indicaci\u00f3n de \u00faltima hora, los dem\u00e1s detalles quedar\u00e1n tal como ven\u00edan de la C\u00e1mara, por lo que al cierre de su tr\u00e1mite en el Senado seguir\u00eda siendo de acceso universal. En Comisi\u00f3n ya qued\u00f3 fuera la opci\u00f3n de incorporar \u201cletra chica\u201d, como la idea de restringir el beneficio s\u00f3lo a quienes vieron mermados sus ingresos por la pandemia, aplicar impuesto al retiro a los sectores de mayores recursos o establecer la obligaci\u00f3n de elegir entre los fondos previsionales o la ayuda estatal.<\/p>\n\n\n\n<p>Este \u00faltimo es un punto central considerando que la agenda del Gobierno para la clase media corre de forma paralela y, al menos hasta ahora, todo apunta a que algunos beneficiarios podr\u00edan calificar para ambas ayudas.<\/p>\n\n\n\n<h2 class=\"has-text-align-center wp-block-heading\">\u00bf2\/3 \u00f3 3\/5?<\/h2>\n\n\n\n<p>Lo que si dej\u00f3 en la nebulosa la instancia parlamentaria, el lunes pasado, fue la disputa respecto al qu\u00f3rum que requiere la iniciativa. En particular fue el senador RN Andr\u00e9s Allamand el que plante\u00f3 la inquietud, pues la propuesta de corte constitucional que busca permitir el retiro excepcional del 10% est\u00e1 siendo discutida como una reforma transitoria (considerando que en su esp\u00edritu s\u00f3lo plantea un retiro por \u00fanica vez), pero un sector del oficialismo plantea que en realidad se trata de una reforma permanente.<\/p>\n\n\n\n<p>La gran diferencia es que para la primera se requiere un qu\u00f3rum de 3\/5 (26 votos) y para la segunda 2\/3 (29 votos).<\/p>\n\n\n\n<p>De todas formas, el PS Alfonso de Urresti, presidente de la Comisi\u00f3n, desestim\u00f3 su solicitud y le dej\u00f3 claro que estaban siguiendo el criterio definido en la C\u00e1mara de Diputados, donde el UDI Jaime Bellolio realiz\u00f3 la misma petici\u00f3n -para que en lugar de 93 votos se exigieran 103-, pero tambi\u00e9n fue desestimada la semana pasada en primer tr\u00e1mite.<\/p>\n\n\n\n<p>Aunque la idea de Allamand era colocar la vara m\u00e1s alta para impedir que avance el proyecto en el Senado, lo cierto&nbsp;<strong>es este mi\u00e9rcoles incluso podr\u00eda conseguir los 2\/3. La oposici\u00f3n suma 24 votos y si se concretan los 5 de Chile Vamos comprometidos de todos modos se lograr\u00edan los 29.<\/strong>&nbsp;Eso s\u00ed, en la C\u00e1mara s\u00f3lo se consiguieron 95, de modo que probablemente el senador oficialista apuntar\u00e1 hac\u00eda all\u00ed sus dardos en una eventual presentaci\u00f3n ante el Tribunal Constitucional, pues -ante la negativa que recibi\u00f3- hizo reserva de constitucionalidad.<\/p>\n\n\n\n<p>Y si bien no est\u00e1 claro si lo hizo como un favor al Gobierno, no descartan que lo haya hecho como gui\u00f1o a la derecha m\u00e1s dura para as\u00ed ganar espacio frente a Jos\u00e9 Antonio Kast en un eventual escenario electoral.<\/p>\n\n\n\n<p>En la C\u00e1mara, en tanto, cuentan con que el Senado despache efectivamente el proyecto a su tercer tr\u00e1mite, donde los diputados tendr\u00e1n que revisar los cambios. Y para terminar r\u00e1pido ya se alistan para revisarlo el jueves e incluso algunas voces apuestan por visar las modificaciones para evitar ir a una Comisi\u00f3n Mixta que estire la discusi\u00f3n innecesariamente.<\/p>\n\n\n\n<p>Mientras que en la \u201cbancada d\u00edscola\u201d ya advierten a los senadores y a La Moneda: \u201cYo le sugerir\u00eda a los parlamentarios que pretenden recurrir al Tribunal Constitucional que no lo hagan (\u2026) y tampoco aconsejar\u00eda al Gobierno a presentar un veto a esta ley, pues ser\u00eda un error garrafal del Gobierno presentar un veto a este proyecto de ley que es tan sentido\u201d, apunt\u00f3 el RN Eduardo Dur\u00e1n.<\/p>\n","protected":false},"excerpt":{"rendered":"<p>El Ejecutivo ya se rindi\u00f3 y cada d\u00eda le quedan menos opciones. Y si bien no descartan el veto presidencial o acudir al Tribunal Constitucional&hellip; <\/p>\n","protected":false},"author":2,"featured_media":26899,"comment_status":"open","ping_status":"closed","sticky":false,"template":"","format":"standard","meta":{"footnotes":""},"categories":[37],"tags":[],"class_list":["post-26898","post","type-post","status-publish","format-standard","has-post-thumbnail","hentry","category-nacional"],"_links":{"self":[{"href":"https:\/\/www.radioamigavallenar.cl\/index.php?rest_route=\/wp\/v2\/posts\/26898","targetHints":{"allow":["GET"]}}],"collection":[{"href":"https:\/\/www.radioamigavallenar.cl\/index.php?rest_route=\/wp\/v2\/posts"}],"about":[{"href":"https:\/\/www.radioamigavallenar.cl\/index.php?rest_route=\/wp\/v2\/types\/post"}],"author":[{"embeddable":true,"href":"https:\/\/www.radioamigavallenar.cl\/index.php?rest_route=\/wp\/v2\/users\/2"}],"replies":[{"embeddable":true,"href":"https:\/\/www.radioamigavallenar.cl\/index.php?rest_route=%2Fwp%2Fv2%2Fcomments&post=26898"}],"version-history":[{"count":0,"href":"https:\/\/www.radioamigavallenar.cl\/index.php?rest_route=\/wp\/v2\/posts\/26898\/revisions"}],"wp:featuredmedia":[{"embeddable":true,"href":"https:\/\/www.radioamigavallenar.cl\/index.php?rest_route=\/wp\/v2\/media\/26899"}],"wp:attachment":[{"href":"https:\/\/www.radioamigavallenar.cl\/index.php?rest_route=%2Fwp%2Fv2%2Fmedia&parent=26898"}],"wp:term":[{"taxonomy":"category","embeddable":true,"href":"https:\/\/www.radioamigavallenar.cl\/index.php?rest_route=%2Fwp%2Fv2%2Fcategories&post=26898"},{"taxonomy":"post_tag","embeddable":true,"href":"https:\/\/www.radioamigavallenar.cl\/index.php?rest_route=%2Fwp%2Fv2%2Ftags&post=26898"}],"curies":[{"name":"wp","href":"https:\/\/api.w.org\/{rel}","templated":true}]}}