{"id":26896,"date":"2020-07-22T12:42:17","date_gmt":"2020-07-22T16:42:17","guid":{"rendered":"https:\/\/www.radioamigavallenar.cl\/?p=26896"},"modified":"2020-07-22T12:42:18","modified_gmt":"2020-07-22T16:42:18","slug":"region-de-atacama-reporta-este-miercoles-31-nuevos-casos-de-coronavirus","status":"publish","type":"post","link":"https:\/\/www.radioamigavallenar.cl\/?p=26896","title":{"rendered":"Regi\u00f3n de Atacama reporta este mi\u00e9rcoles 31 nuevos casos de Coronavirus"},"content":{"rendered":"\n<figure class=\"wp-block-image size-large\"><img loading=\"lazy\" decoding=\"async\" width=\"1024\" height=\"683\" src=\"https:\/\/www.radioamigavallenar.cl\/wp-content\/uploads\/2020\/06\/test-pcr-coronavirus00-1024x683.jpg\" alt=\"\" class=\"wp-image-24785\" srcset=\"https:\/\/www.radioamigavallenar.cl\/wp-content\/uploads\/2020\/06\/test-pcr-coronavirus00-1024x683.jpg 1024w, https:\/\/www.radioamigavallenar.cl\/wp-content\/uploads\/2020\/06\/test-pcr-coronavirus00-300x200.jpg 300w, https:\/\/www.radioamigavallenar.cl\/wp-content\/uploads\/2020\/06\/test-pcr-coronavirus00-768x512.jpg 768w, https:\/\/www.radioamigavallenar.cl\/wp-content\/uploads\/2020\/06\/test-pcr-coronavirus00.jpg 1500w\" sizes=\"auto, (max-width: 1024px) 100vw, 1024px\" \/><\/figure>\n\n\n\n<p class=\"has-text-align-center\"><strong>A la fecha existen 395 casos activos a nivel regional<\/strong><\/p>\n\n\n\n<p>Seg\u00fan datos del Minsal desde el nivel Central, se inform\u00f3 de\u00a031 nuevos casos positivos de Covid-19\u00a0en Atacama, de ellos\u00a028 son casos sintom\u00e1ticos y 3 casos asintom\u00e1ticos, adem\u00e1s se reportaron\u00a0395 casos activos confirmados a nivel regional, se\u00f1ala dicho informe.<\/p>\n\n\n\n<p>Los casos por comunas en las \u00faltimas horas son las siguientes:<\/p>\n\n\n\n<ul class=\"wp-block-list\"><li>24 casos nuevos en Copiap\u00f3<\/li><li>03 Vallenar<\/li><li>02 Tierra Amarilla<\/li><li>01 Caldera<\/li><li>01 Freirina<\/li><\/ul>\n\n\n\n<p><strong>Atacama registra a la fecha, 1989 casos de Coronavirus.&nbsp;<\/strong><\/p>\n","protected":false},"excerpt":{"rendered":"<p>A la fecha existen 395 casos activos a nivel regional Seg\u00fan datos del Minsal desde el nivel Central, se inform\u00f3 de\u00a031 nuevos casos positivos de&hellip; <\/p>\n","protected":false},"author":2,"featured_media":24785,"comment_status":"open","ping_status":"closed","sticky":false,"template":"","format":"standard","meta":{"footnotes":""},"categories":[7],"tags":[],"class_list":["post-26896","post","type-post","status-publish","format-standard","has-post-thumbnail","hentry","category-atacama"],"_links":{"self":[{"href":"https:\/\/www.radioamigavallenar.cl\/index.php?rest_route=\/wp\/v2\/posts\/26896","targetHints":{"allow":["GET"]}}],"collection":[{"href":"https:\/\/www.radioamigavallenar.cl\/index.php?rest_route=\/wp\/v2\/posts"}],"about":[{"href":"https:\/\/www.radioamigavallenar.cl\/index.php?rest_route=\/wp\/v2\/types\/post"}],"author":[{"embeddable":true,"href":"https:\/\/www.radioamigavallenar.cl\/index.php?rest_route=\/wp\/v2\/users\/2"}],"replies":[{"embeddable":true,"href":"https:\/\/www.radioamigavallenar.cl\/index.php?rest_route=%2Fwp%2Fv2%2Fcomments&post=26896"}],"version-history":[{"count":0,"href":"https:\/\/www.radioamigavallenar.cl\/index.php?rest_route=\/wp\/v2\/posts\/26896\/revisions"}],"wp:featuredmedia":[{"embeddable":true,"href":"https:\/\/www.radioamigavallenar.cl\/index.php?rest_route=\/wp\/v2\/media\/24785"}],"wp:attachment":[{"href":"https:\/\/www.radioamigavallenar.cl\/index.php?rest_route=%2Fwp%2Fv2%2Fmedia&parent=26896"}],"wp:term":[{"taxonomy":"category","embeddable":true,"href":"https:\/\/www.radioamigavallenar.cl\/index.php?rest_route=%2Fwp%2Fv2%2Fcategories&post=26896"},{"taxonomy":"post_tag","embeddable":true,"href":"https:\/\/www.radioamigavallenar.cl\/index.php?rest_route=%2Fwp%2Fv2%2Ftags&post=26896"}],"curies":[{"name":"wp","href":"https:\/\/api.w.org\/{rel}","templated":true}]}}