{"id":26893,"date":"2020-07-22T12:01:02","date_gmt":"2020-07-22T16:01:02","guid":{"rendered":"https:\/\/www.radioamigavallenar.cl\/?p=26893"},"modified":"2020-07-22T12:01:04","modified_gmt":"2020-07-22T16:01:04","slug":"el-ministerio-de-salud-anuncia-permiso-para-mayores-de-75-anos-podran-salir-una-hora-en-dias-especificos","status":"publish","type":"post","link":"https:\/\/www.radioamigavallenar.cl\/?p=26893","title":{"rendered":"El Ministerio de Salud anuncia permiso para mayores de 75 a\u00f1os: Podr\u00e1n salir una hora en d\u00edas espec\u00edficos"},"content":{"rendered":"\n<div class=\"wp-block-image\"><figure class=\"aligncenter size-large\"><img loading=\"lazy\" decoding=\"async\" width=\"710\" height=\"399\" src=\"https:\/\/www.radioamigavallenar.cl\/wp-content\/uploads\/2020\/07\/file_20200722115059.jpg\" alt=\"\" class=\"wp-image-26894\" srcset=\"https:\/\/www.radioamigavallenar.cl\/wp-content\/uploads\/2020\/07\/file_20200722115059.jpg 710w, https:\/\/www.radioamigavallenar.cl\/wp-content\/uploads\/2020\/07\/file_20200722115059-300x169.jpg 300w\" sizes=\"auto, (max-width: 710px) 100vw, 710px\" \/><\/figure><\/div>\n\n\n\n<p>La autoridad sanitaria detall\u00f3 que las medidas comenzar\u00e1n a regir a partir de este s\u00e1bado 25 de julio a las 05:00 horas.<\/p>\n\n\n\n<p>El Ministerio de Salud entreg\u00f3 esta jornada una serie de anuncios nuevos respecto a medias ante la pandemia por coronavirus en el pa\u00eds. Una de ellas, dice relaci\u00f3n con los adultos mayores de 75 a\u00f1os, quienes han debido mantenerse en confinamiento obligatorio desde el 15 de mayo.<\/p>\n\n\n\n<p>Recordar que desde marzo reg\u00eda la medida para mayores de 80 a\u00f1os, pero ante el incremento de casos de covid-19 en el pa\u00eds, el Minsal rebaj\u00f3 la edad de esta cuarentena preventiva, lo que dej\u00f3 a cerca de un mill\u00f3n de adultos mayores en confinamiento, seg\u00fan indicaron desde el Senama en esa oportunidad.<\/p>\n\n\n\n<p>Luego del comit\u00e9 de emergencia, se estableci\u00f3 que las nuevas medidas que flexibilizan las cuarentenas para los adultos mayores comenzar\u00e1n a regir desde este s\u00e1bado 25 de julio a las 05:00 horas. <\/p>\n\n\n\n<p>Los permisos estar\u00e1n organizados seg\u00fan las fases del plan \u00abPaso a Paso\u00bb que el domingo fue presentado oficialmente por el Gobierno, y que consta de 5 pasos. Esto, seg\u00fan la realidad de cada regi\u00f3n o comuna.<\/p>\n\n\n\n<p class=\"has-text-align-center\"><strong>Medidas para los pasos 1 y 2<\/strong><\/p>\n\n\n\n<p>En el paso 1 y 2, se va a permitir que los adultos mayores puedan salir durante 1 hora, los d\u00edas lunes, jueves y s\u00e1bados, entre 11.00 y 12.00 horas. <\/p>\n\n\n\n<p>\u00abDeben cumplir con todas las medidas del autocuidado: uso de mascarillas, lavados de manos y distanciamiento f\u00edsico. No pueden circular en lugares cerrados, deben hacerlos acompa\u00f1ado si quieren, y portar su c\u00e9dula de identidad\u00bb, dijo el subsecretario de Redes Asistenciales, Arturo Z\u00fa\u00f1iga. <\/p>\n\n\n\n<p>Recordar que el paso 1 corresponde a \u00abCuarentena\u00bb, donde hay una movilidad limitada, y el paso 2 corresponde a \u00abTransici\u00f3n\u00bb, en que disminuye el grado de confinamiento, pero evita una apertura brusca.<\/p>\n\n\n\n<p class=\"has-text-align-center\"><strong>Medidas para los pasos 3 y 4 <\/strong><\/p>\n\n\n\n<p>En paso 3 y 4, los adultos mayores podr\u00e1n salir 1 hora, entre 11.00 y 12.00 o 15.00 y 16.00, todos los d\u00edas de la semana. Ac\u00e1 tambi\u00e9n pueden ser acompa\u00f1ados por alguien y portar su c\u00e9dula de identidad. <\/p>\n\n\n\n<p>El paso 3 corresponde a \u00abPreparaci\u00f3n\u00bb, donde se levanta la cuarentena para la poblaci\u00f3n general, con excepci\u00f3n de grupos de riesgo, y el paso 4 corresponde a la \u00abApertura inicial\u00bb, en que se retoman ciertas actividades de menor riesgo, minimizando aglomeraciones. <\/p>\n\n\n\n<p>Recordar que el paso 5 implica una \u00abApertura avanzada\u00bb, donde se aumenta la actividad, pero manteniendo las medidas de autocuidado.<\/p>\n","protected":false},"excerpt":{"rendered":"<p>La autoridad sanitaria detall\u00f3 que las medidas comenzar\u00e1n a regir a partir de este s\u00e1bado 25 de julio a las 05:00 horas. El Ministerio de&hellip; <\/p>\n","protected":false},"author":2,"featured_media":26894,"comment_status":"open","ping_status":"closed","sticky":false,"template":"","format":"standard","meta":{"footnotes":""},"categories":[37],"tags":[],"class_list":["post-26893","post","type-post","status-publish","format-standard","has-post-thumbnail","hentry","category-nacional"],"_links":{"self":[{"href":"https:\/\/www.radioamigavallenar.cl\/index.php?rest_route=\/wp\/v2\/posts\/26893","targetHints":{"allow":["GET"]}}],"collection":[{"href":"https:\/\/www.radioamigavallenar.cl\/index.php?rest_route=\/wp\/v2\/posts"}],"about":[{"href":"https:\/\/www.radioamigavallenar.cl\/index.php?rest_route=\/wp\/v2\/types\/post"}],"author":[{"embeddable":true,"href":"https:\/\/www.radioamigavallenar.cl\/index.php?rest_route=\/wp\/v2\/users\/2"}],"replies":[{"embeddable":true,"href":"https:\/\/www.radioamigavallenar.cl\/index.php?rest_route=%2Fwp%2Fv2%2Fcomments&post=26893"}],"version-history":[{"count":0,"href":"https:\/\/www.radioamigavallenar.cl\/index.php?rest_route=\/wp\/v2\/posts\/26893\/revisions"}],"wp:featuredmedia":[{"embeddable":true,"href":"https:\/\/www.radioamigavallenar.cl\/index.php?rest_route=\/wp\/v2\/media\/26894"}],"wp:attachment":[{"href":"https:\/\/www.radioamigavallenar.cl\/index.php?rest_route=%2Fwp%2Fv2%2Fmedia&parent=26893"}],"wp:term":[{"taxonomy":"category","embeddable":true,"href":"https:\/\/www.radioamigavallenar.cl\/index.php?rest_route=%2Fwp%2Fv2%2Fcategories&post=26893"},{"taxonomy":"post_tag","embeddable":true,"href":"https:\/\/www.radioamigavallenar.cl\/index.php?rest_route=%2Fwp%2Fv2%2Ftags&post=26893"}],"curies":[{"name":"wp","href":"https:\/\/api.w.org\/{rel}","templated":true}]}}