{"id":26890,"date":"2020-07-22T11:54:13","date_gmt":"2020-07-22T15:54:13","guid":{"rendered":"https:\/\/www.radioamigavallenar.cl\/?p=26890"},"modified":"2020-07-22T11:54:13","modified_gmt":"2020-07-22T15:54:13","slug":"un-nuevo-logo-para-la-asominera-domeyko","status":"publish","type":"post","link":"https:\/\/www.radioamigavallenar.cl\/?p=26890","title":{"rendered":"Un nuevo logo para la ASOMINERA Domeyko"},"content":{"rendered":"\n<div class=\"wp-block-image\"><figure class=\"aligncenter size-large\"><img loading=\"lazy\" decoding=\"async\" width=\"851\" height=\"315\" src=\"https:\/\/www.radioamigavallenar.cl\/wp-content\/uploads\/2020\/07\/108319687_658177448107547_4823440340566571786_n.jpg\" alt=\"\" class=\"wp-image-26891\" srcset=\"https:\/\/www.radioamigavallenar.cl\/wp-content\/uploads\/2020\/07\/108319687_658177448107547_4823440340566571786_n.jpg 851w, https:\/\/www.radioamigavallenar.cl\/wp-content\/uploads\/2020\/07\/108319687_658177448107547_4823440340566571786_n-300x111.jpg 300w, https:\/\/www.radioamigavallenar.cl\/wp-content\/uploads\/2020\/07\/108319687_658177448107547_4823440340566571786_n-768x284.jpg 768w\" sizes=\"auto, (max-width: 851px) 100vw, 851px\" \/><\/figure><\/div>\n\n\n\n<p>Con motivo de su 90\u00ba aniversario, la Asociaci\u00f3n Minera de Domeyko\u00a0est\u00e1 desarrollando un concurso para la creaci\u00f3n de su nuevo logo institucional. Al respecto su presidente Luis Hern\u00e1n \u00c1lvarez se\u00f1alo que \u201cel emblem\u00e1tico casco amarillo ya cumpli\u00f3 su ciclo y como una forma de transmitir la modernizaci\u00f3n de nuestro gremio es que naci\u00f3 esta idea de generar un concurso, para que desde la misma comunidad nazca una nueva imagen para la Asociaci\u00f3n\u201d, explic\u00f3.<\/p>\n\n\n\n<p>El concurso que busca que artistas locales y quien se sienta con las capacidades para dise\u00f1ar un logo env\u00eden sus propuestas hasta el 3 de agosto de este a\u00f1o, puede ser v\u00eda correo electr\u00f3nico o en un dispositivo (CD o pendrive), considerando las especificaciones entregadas en las bases del concurso.&nbsp;&nbsp;Estas bases pueden ser consultadas en la p\u00e1gina de Facebook de la instituci\u00f3n&nbsp;<a href=\"http:\/\/www.facebook.com\/asociacionmineradomeyko\">http:\/\/www.facebook.com\/asociacionmineradomeyko<\/a>&nbsp;y puede realizar sus consultas al correo electr\u00f3nico&nbsp;<a href=\"mailto:asomineradomeyko@hotmail.com\">asomineradomeyko@hotmail.com<\/a><\/p>\n\n\n\n<p>El presidente de la Asociaci\u00f3n Minera de Domeyko se\u00f1al\u00f3 que el premio es de 100 mil pesos para el logotipo ganador, el cual ser\u00e1 elegido por el jurado compuesto por Oriel \u00c1lvarez Hidalgo, Jorge Adaros Arcos y Luis Hern\u00e1n \u00c1lvarez. La premiaci\u00f3n se realizar\u00e1 el 10 de agosto, como parte de las celebraciones del d\u00eda del minero.<\/p>\n\n\n\n<figure class=\"wp-block-image\"><img decoding=\"async\" src=\"http:\/\/tierramarillano.cl\/wp-content\/uploads\/2020\/07\/Afiche-concurso-2.jpg\" alt=\"\" class=\"wp-image-54831\"\/><\/figure>\n","protected":false},"excerpt":{"rendered":"<p>Con motivo de su 90\u00ba aniversario, la Asociaci\u00f3n Minera de Domeyko\u00a0est\u00e1 desarrollando un concurso para la creaci\u00f3n de su nuevo logo institucional. Al respecto su&hellip; <\/p>\n","protected":false},"author":2,"featured_media":26891,"comment_status":"open","ping_status":"closed","sticky":false,"template":"","format":"standard","meta":{"footnotes":""},"categories":[34,1,2],"tags":[],"class_list":["post-26890","post","type-post","status-publish","format-standard","has-post-thumbnail","hentry","category-mineria","category-provincia-del-huasco-2","category-vallenar"],"_links":{"self":[{"href":"https:\/\/www.radioamigavallenar.cl\/index.php?rest_route=\/wp\/v2\/posts\/26890","targetHints":{"allow":["GET"]}}],"collection":[{"href":"https:\/\/www.radioamigavallenar.cl\/index.php?rest_route=\/wp\/v2\/posts"}],"about":[{"href":"https:\/\/www.radioamigavallenar.cl\/index.php?rest_route=\/wp\/v2\/types\/post"}],"author":[{"embeddable":true,"href":"https:\/\/www.radioamigavallenar.cl\/index.php?rest_route=\/wp\/v2\/users\/2"}],"replies":[{"embeddable":true,"href":"https:\/\/www.radioamigavallenar.cl\/index.php?rest_route=%2Fwp%2Fv2%2Fcomments&post=26890"}],"version-history":[{"count":0,"href":"https:\/\/www.radioamigavallenar.cl\/index.php?rest_route=\/wp\/v2\/posts\/26890\/revisions"}],"wp:featuredmedia":[{"embeddable":true,"href":"https:\/\/www.radioamigavallenar.cl\/index.php?rest_route=\/wp\/v2\/media\/26891"}],"wp:attachment":[{"href":"https:\/\/www.radioamigavallenar.cl\/index.php?rest_route=%2Fwp%2Fv2%2Fmedia&parent=26890"}],"wp:term":[{"taxonomy":"category","embeddable":true,"href":"https:\/\/www.radioamigavallenar.cl\/index.php?rest_route=%2Fwp%2Fv2%2Fcategories&post=26890"},{"taxonomy":"post_tag","embeddable":true,"href":"https:\/\/www.radioamigavallenar.cl\/index.php?rest_route=%2Fwp%2Fv2%2Ftags&post=26890"}],"curies":[{"name":"wp","href":"https:\/\/api.w.org\/{rel}","templated":true}]}}