{"id":26887,"date":"2020-07-22T11:51:36","date_gmt":"2020-07-22T15:51:36","guid":{"rendered":"https:\/\/www.radioamigavallenar.cl\/?p=26887"},"modified":"2020-07-22T11:51:37","modified_gmt":"2020-07-22T15:51:37","slug":"sec-formula-cargos-contra-cinco-companias-por-errores-en-cuentas-de-la-luz","status":"publish","type":"post","link":"https:\/\/www.radioamigavallenar.cl\/?p=26887","title":{"rendered":"SEC formula cargos contra cinco compa\u00f1\u00edas por errores en cuentas de la luz"},"content":{"rendered":"\n<div class=\"wp-block-image\"><figure class=\"aligncenter size-large\"><img loading=\"lazy\" decoding=\"async\" width=\"750\" height=\"400\" src=\"https:\/\/www.radioamigavallenar.cl\/wp-content\/uploads\/2020\/07\/cuenta-de-luz.jpg\" alt=\"\" class=\"wp-image-26888\" srcset=\"https:\/\/www.radioamigavallenar.cl\/wp-content\/uploads\/2020\/07\/cuenta-de-luz.jpg 750w, https:\/\/www.radioamigavallenar.cl\/wp-content\/uploads\/2020\/07\/cuenta-de-luz-300x160.jpg 300w\" sizes=\"auto, (max-width: 750px) 100vw, 750px\" \/><\/figure><\/div>\n\n\n\n<p><strong>La Superintendencia de Electricidad y Combustibles (SEC) formul\u00f3 cargos este martes en contra de las empresas de distribuci\u00f3n Enel, Saesa, Frontel, Luz Osorno y Edelaysen, tras constatar \u201cerrores en sus procesos de facturaci\u00f3n\u201d.<\/strong><\/p>\n\n\n\n<p>Seg\u00fan apuntaron desde el ente fiscalizaron, las fallas se produjeron durante los meses en que emitieron boletas con consumos estimados, lo que termin\u00f3&nbsp;<strong>\u201cimpactando, negativamente, en las boletas de las familias\u201d.<\/strong><\/p>\n\n\n\n<p>De acuerdo a la investigaci\u00f3n de la SEC, las empresas antes mencionadas no incluyeron en las boletas de gran parte de sus clientes el cargo por uso del sistema de transmisi\u00f3n, tal como lo establece la normativa el\u00e9ctrica vigente.<\/p>\n\n\n\n<p>Ello provoc\u00f3 que el cobro se comenzara a acumular y\u00a0terminara abultando las facturas siguientes\u00a0que recibieron los clientes de estas cinco empresas, una vez que se realiz\u00f3 la lectura del consumo el\u00e9ctrico en el medidor.<\/p>\n\n\n\n<h2 class=\"has-text-align-center wp-block-heading\">Plazos<\/h2>\n\n\n\n<p>Por lo mismo, se formularon cargos, otorgando un plazo de quince d\u00edas h\u00e1biles a las compa\u00f1\u00edas infractoras para que presenten los respectivos descargos, tras lo cual se tomar\u00e1 una resoluci\u00f3n definitiva para cada uno de estos cinco casos.<\/p>\n\n\n\n<p>\u201cNo vamos a aceptar que las personas reciban boletas que no se ajusten a los consumos reales o que tengan errores que impacten a las familias chilenas\u201d, dijo el ministro de Energ\u00eda, Juan Carlos Jobet.<\/p>\n\n\n\n<p>La Facturaci\u00f3n Provisoria es una modalidad, que permite a las empresas el\u00e9ctricas emitir boletas a sus clientes, con consumos estimados, basados en el promedio de gasto el\u00e9ctrico de los \u00faltimos seis meses. Esta\u00a0modalidad es permitida por la normativa, como una forma de evitar que se acumulen las boletas de la luz.<\/p>\n","protected":false},"excerpt":{"rendered":"<p>La Superintendencia de Electricidad y Combustibles (SEC) formul\u00f3 cargos este martes en contra de las empresas de distribuci\u00f3n Enel, Saesa, Frontel, Luz Osorno y Edelaysen,&hellip; <\/p>\n","protected":false},"author":2,"featured_media":26888,"comment_status":"open","ping_status":"closed","sticky":false,"template":"","format":"standard","meta":{"footnotes":""},"categories":[37],"tags":[],"class_list":["post-26887","post","type-post","status-publish","format-standard","has-post-thumbnail","hentry","category-nacional"],"_links":{"self":[{"href":"https:\/\/www.radioamigavallenar.cl\/index.php?rest_route=\/wp\/v2\/posts\/26887","targetHints":{"allow":["GET"]}}],"collection":[{"href":"https:\/\/www.radioamigavallenar.cl\/index.php?rest_route=\/wp\/v2\/posts"}],"about":[{"href":"https:\/\/www.radioamigavallenar.cl\/index.php?rest_route=\/wp\/v2\/types\/post"}],"author":[{"embeddable":true,"href":"https:\/\/www.radioamigavallenar.cl\/index.php?rest_route=\/wp\/v2\/users\/2"}],"replies":[{"embeddable":true,"href":"https:\/\/www.radioamigavallenar.cl\/index.php?rest_route=%2Fwp%2Fv2%2Fcomments&post=26887"}],"version-history":[{"count":0,"href":"https:\/\/www.radioamigavallenar.cl\/index.php?rest_route=\/wp\/v2\/posts\/26887\/revisions"}],"wp:featuredmedia":[{"embeddable":true,"href":"https:\/\/www.radioamigavallenar.cl\/index.php?rest_route=\/wp\/v2\/media\/26888"}],"wp:attachment":[{"href":"https:\/\/www.radioamigavallenar.cl\/index.php?rest_route=%2Fwp%2Fv2%2Fmedia&parent=26887"}],"wp:term":[{"taxonomy":"category","embeddable":true,"href":"https:\/\/www.radioamigavallenar.cl\/index.php?rest_route=%2Fwp%2Fv2%2Fcategories&post=26887"},{"taxonomy":"post_tag","embeddable":true,"href":"https:\/\/www.radioamigavallenar.cl\/index.php?rest_route=%2Fwp%2Fv2%2Ftags&post=26887"}],"curies":[{"name":"wp","href":"https:\/\/api.w.org\/{rel}","templated":true}]}}