{"id":26881,"date":"2020-07-22T07:35:04","date_gmt":"2020-07-22T11:35:04","guid":{"rendered":"https:\/\/www.radioamigavallenar.cl\/?p=26881"},"modified":"2020-07-22T07:35:05","modified_gmt":"2020-07-22T11:35:05","slug":"registro-social-de-hogares-contara-con-mayores-recursos-para-agilizar-el-ingreso-a-beneficios-del-estado","status":"publish","type":"post","link":"https:\/\/www.radioamigavallenar.cl\/?p=26881","title":{"rendered":"Registro Social de Hogares contar\u00e1 con mayores recursos para agilizar el ingreso a beneficios del Estado"},"content":{"rendered":"\n<div class=\"wp-block-image\"><figure class=\"aligncenter size-large\"><img loading=\"lazy\" decoding=\"async\" width=\"1024\" height=\"768\" src=\"https:\/\/www.radioamigavallenar.cl\/wp-content\/uploads\/2020\/07\/WhatsApp-Image-2020-07-21-at-16.26.46.jpeg\" alt=\"\" class=\"wp-image-26882\" srcset=\"https:\/\/www.radioamigavallenar.cl\/wp-content\/uploads\/2020\/07\/WhatsApp-Image-2020-07-21-at-16.26.46.jpeg 1024w, https:\/\/www.radioamigavallenar.cl\/wp-content\/uploads\/2020\/07\/WhatsApp-Image-2020-07-21-at-16.26.46-300x225.jpeg 300w, https:\/\/www.radioamigavallenar.cl\/wp-content\/uploads\/2020\/07\/WhatsApp-Image-2020-07-21-at-16.26.46-768x576.jpeg 768w\" sizes=\"auto, (max-width: 1024px) 100vw, 1024px\" \/><\/figure><\/div>\n\n\n\n<p>Esta fuerte inyecci\u00f3n de capital econ\u00f3mico ser\u00e1 puesta disposici\u00f3n de los nueve municipios que conforman la Regi\u00f3n de Atacama.<\/p>\n\n\n\n<p>En el marco de la emergencia sanitaria que vive el pa\u00eds, el Ministerio de Desarrollo Social y Familia distribuy\u00f3 un total de 20 millones de pesos entre los nueve municipios de la Regi\u00f3n de Atacama, con la intenci\u00f3n de fortalecer y mejorar los equipos comunales del Registro Social de Hogares (RSH).<\/p>\n\n\n\n<p>Esta nueva inyecci\u00f3n de recursos busca optimizar la evaluaci\u00f3n de tr\u00e1mites pendientes en lo que respecta el ingreso y actualizaci\u00f3n del RSH. Hasta el momento, en la regi\u00f3n se han ingresado 5.237 solicitudes, siendo un total de 2.980 las que se encuentran con aprobaci\u00f3n autom\u00e1tica.<\/p>\n\n\n\n<p>En este contexto, el seremi de la cartera, Luis Morales Vergara sostuvo que \u201cdebido a la pandemia que estamos enfrentando, se ha decidido agilizar los procesos de incorporaci\u00f3n al Registro Social de Hogares, de manera que las familias puedan tener una pronta respuesta en un plazo prudente para as\u00ed postular a los beneficios que entrega el Estado, por ejemplo, el nuevo Ingreso Familiar de Emergencia (IFE). Por lo mismo, se han puesto a disposici\u00f3n n\u00fameros celulares para poder realizar estas gestiones de forma remota, orientando a las familias de la regi\u00f3n y ayud\u00e1ndolos en este proceso\u201d.<\/p>\n\n\n\n<p>El Registro Social de Hogares es un mecanismo construido con datos aportados por el hogar y bases administrativas que posee el Estado. Por ello, es necesario que las personas est\u00e9n en constante interacci\u00f3n con el dispositivo, ya que esto les permitir\u00e1 optar a programas sociales como el nuevo Ingreso Familiar de Emergencias o planes facilitados por el Gobierno.<\/p>\n\n\n\n<p>\u201cEs importante mantener un despliegue regional en terreno para ir en ayuda de los hogares de Atacama y as\u00ed guiarlos en el proceso de ingreso y actualizaci\u00f3n del RSH. En este instante, tambi\u00e9n contamos con la gran ayuda de los equipos municipales, Chile Atiende y Consejo Regional, quienes han sido clave en este proceso\u201d, asegur\u00f3 la autoridad.<\/p>\n\n\n\n<p>Cabe se\u00f1alar que, se han incorporado en la tramitaci\u00f3n inmediata de solicitudes al Registro Social de Hogares los siguientes casos:<\/p>\n\n\n\n<p>1. <strong>Hogares unipersonales sin registro anterior, esto es, sin calificaci\u00f3n socioecon\u00f3mica el mes anterior a la aprobaci\u00f3n del tr\u00e1mite.<\/strong><\/p>\n\n\n\n<p>2. <strong>Hogares compuestos por dos o m\u00e1s integrantes mayores de edad, sin registro anterior.<\/strong><\/p>\n\n\n\n<p>3. <strong>Hogares integrados por mayores de edad sin registro anterior, que incorporan a alg\u00fan menor de edad, siempre que \u00e9ste sea hijo de al menos uno de los integrantes del grupo familiar.<\/strong><\/p>\n\n\n\n<p>\u00b7 Desvinculaciones de integrantes del hogar, siempre y cuando la solicitud sea realizada por el jefe de hogar o por el titular del dato.<\/p>\n\n\n\n<p>Los nuevos mecanismos del Registro Social de Hogares para optar al IFE<\/p>\n\n\n\n<p>Con el fin de hacer m\u00e1s expedito, simple y oportuno el acceso de las familias al Ingreso Familiar de Emergencia, el Gobierno ingres\u00f3 a tramitaci\u00f3n legislativa el proyecto de ley con cambios a los mecanismos de este proceso.<\/p>\n\n\n\n<p>Primero, se elimina el requisito de vulnerabilidad para poder recibir el beneficio, siendo solamente necesario contar con Registro Social de Hogares creado.<\/p>\n\n\n\n<p>Segundo, se busca flexibilizar los mecanismos para acreditar los ingresos formales del hogar, considerando solo la informaci\u00f3n declarada por la familia que realiza el tr\u00e1mite.<\/p>\n\n\n\n<p>\u201cHay dos millones 200 mil familias que est\u00e1n recibiendo su Ingreso Familiar de Emergencia, pero tambi\u00e9n hay un mill\u00f3n m\u00e1s que est\u00e1 esperando. Por eso, nuestra preocupaci\u00f3n es el segundo grupo y por eso buscamos c\u00f3mo llegar con respuestas a ellos r\u00e1pido, y ese es el sentido de esta modificaci\u00f3n que esperamos que se apruebe r\u00e1pidamente.\u201d, explic\u00f3 el Ministro de Desarrollo Social y Familia, Cristi\u00e1n Monckeberg.<\/p>\n\n\n\n<p>Por \u00faltimo, el seremi Morales enfatiz\u00f3 que \u201ces fundamental dar a conocer que el Gobierno se encuentra realizando todos los esfuerzos disponibles para que las familias no queden fuera de los diversos beneficios sociales. Ahora con esto, muchos hogares podr\u00e1n entrar al IFE y podr\u00e1n contar con el apoyo del Estado\u201d.<\/p>\n","protected":false},"excerpt":{"rendered":"<p>Esta fuerte inyecci\u00f3n de capital econ\u00f3mico ser\u00e1 puesta disposici\u00f3n de los nueve municipios que conforman la Regi\u00f3n de Atacama. En el marco de la emergencia&hellip; <\/p>\n","protected":false},"author":2,"featured_media":26882,"comment_status":"open","ping_status":"closed","sticky":false,"template":"","format":"standard","meta":{"footnotes":""},"categories":[7],"tags":[],"class_list":["post-26881","post","type-post","status-publish","format-standard","has-post-thumbnail","hentry","category-atacama"],"_links":{"self":[{"href":"https:\/\/www.radioamigavallenar.cl\/index.php?rest_route=\/wp\/v2\/posts\/26881","targetHints":{"allow":["GET"]}}],"collection":[{"href":"https:\/\/www.radioamigavallenar.cl\/index.php?rest_route=\/wp\/v2\/posts"}],"about":[{"href":"https:\/\/www.radioamigavallenar.cl\/index.php?rest_route=\/wp\/v2\/types\/post"}],"author":[{"embeddable":true,"href":"https:\/\/www.radioamigavallenar.cl\/index.php?rest_route=\/wp\/v2\/users\/2"}],"replies":[{"embeddable":true,"href":"https:\/\/www.radioamigavallenar.cl\/index.php?rest_route=%2Fwp%2Fv2%2Fcomments&post=26881"}],"version-history":[{"count":0,"href":"https:\/\/www.radioamigavallenar.cl\/index.php?rest_route=\/wp\/v2\/posts\/26881\/revisions"}],"wp:featuredmedia":[{"embeddable":true,"href":"https:\/\/www.radioamigavallenar.cl\/index.php?rest_route=\/wp\/v2\/media\/26882"}],"wp:attachment":[{"href":"https:\/\/www.radioamigavallenar.cl\/index.php?rest_route=%2Fwp%2Fv2%2Fmedia&parent=26881"}],"wp:term":[{"taxonomy":"category","embeddable":true,"href":"https:\/\/www.radioamigavallenar.cl\/index.php?rest_route=%2Fwp%2Fv2%2Fcategories&post=26881"},{"taxonomy":"post_tag","embeddable":true,"href":"https:\/\/www.radioamigavallenar.cl\/index.php?rest_route=%2Fwp%2Fv2%2Ftags&post=26881"}],"curies":[{"name":"wp","href":"https:\/\/api.w.org\/{rel}","templated":true}]}}