{"id":26878,"date":"2020-07-22T07:32:31","date_gmt":"2020-07-22T11:32:31","guid":{"rendered":"https:\/\/www.radioamigavallenar.cl\/?p=26878"},"modified":"2020-07-22T07:32:32","modified_gmt":"2020-07-22T11:32:32","slug":"servel-publicara-en-su-sitio-web-los-padrones-electorales-con-caracter-de-auditados-para-revision-del-electorado","status":"publish","type":"post","link":"https:\/\/www.radioamigavallenar.cl\/?p=26878","title":{"rendered":"Servel publicar\u00e1 en su sitio web los Padrones Electorales con car\u00e1cter de Auditados para revisi\u00f3n del electorado."},"content":{"rendered":"\n<div class=\"wp-block-image\"><figure class=\"aligncenter size-large\"><img loading=\"lazy\" decoding=\"async\" width=\"750\" height=\"400\" src=\"https:\/\/www.radioamigavallenar.cl\/wp-content\/uploads\/2020\/07\/Maria-Isabel-Baron.jpg\" alt=\"\" class=\"wp-image-26879\" srcset=\"https:\/\/www.radioamigavallenar.cl\/wp-content\/uploads\/2020\/07\/Maria-Isabel-Baron.jpg 750w, https:\/\/www.radioamigavallenar.cl\/wp-content\/uploads\/2020\/07\/Maria-Isabel-Baron-300x160.jpg 300w\" sizes=\"auto, (max-width: 750px) 100vw, 750px\" \/><\/figure><\/div>\n\n\n\n<p><strong>Servicio Electoral informa que el d\u00eda lunes 27 de julio del a\u00f1o en curso, se publicar\u00e1 en nuestra p\u00e1g. Web el Padr\u00f3n Electoral Auditado y la N\u00f3mina de Inhabilitados para&nbsp; el Plebiscito Nacional 2020, &nbsp;y al d\u00eda siguiente esto es &nbsp;el martes 28 de julio 202, se dar\u00e1 inicio (por 10 d\u00edas corridos) al proceso de &nbsp;Reclamaci\u00f3n ante el Tribunal Electoral Regional de Atacama.<\/strong><\/p>\n\n\n\n<p>Las reclamaciones deben presentarse por aquellas personas y por los motivos se\u00f1alados en los art\u00edculos 48 y 49 de la Ley 18.556 \u201cOrganiza Constitucional de Inscripciones Electorales y Servicio Electoral\u201d.<\/p>\n\n\n\n<p>Mar\u00eda Isabel Bar\u00f3n Cailly, Directora Regional Servel Atacama, se\u00f1ala que es necesario que los ciudadanos revisen sus datos electorales en el referido Padr\u00f3n y as\u00ed&nbsp; evitar&nbsp; errores, &nbsp;omisi\u00f3n o exclusi\u00f3n; de tal forma que estos puedan ser corregidos en&nbsp; el plazo &nbsp;anteriormente indicado&nbsp; y ante el Tribunal Electoral competente.<\/p>\n","protected":false},"excerpt":{"rendered":"<p>Servicio Electoral informa que el d\u00eda lunes 27 de julio del a\u00f1o en curso, se publicar\u00e1 en nuestra p\u00e1g. Web el Padr\u00f3n Electoral Auditado y&hellip; <\/p>\n","protected":false},"author":2,"featured_media":26879,"comment_status":"open","ping_status":"closed","sticky":false,"template":"","format":"standard","meta":{"footnotes":""},"categories":[7],"tags":[],"class_list":["post-26878","post","type-post","status-publish","format-standard","has-post-thumbnail","hentry","category-atacama"],"_links":{"self":[{"href":"https:\/\/www.radioamigavallenar.cl\/index.php?rest_route=\/wp\/v2\/posts\/26878","targetHints":{"allow":["GET"]}}],"collection":[{"href":"https:\/\/www.radioamigavallenar.cl\/index.php?rest_route=\/wp\/v2\/posts"}],"about":[{"href":"https:\/\/www.radioamigavallenar.cl\/index.php?rest_route=\/wp\/v2\/types\/post"}],"author":[{"embeddable":true,"href":"https:\/\/www.radioamigavallenar.cl\/index.php?rest_route=\/wp\/v2\/users\/2"}],"replies":[{"embeddable":true,"href":"https:\/\/www.radioamigavallenar.cl\/index.php?rest_route=%2Fwp%2Fv2%2Fcomments&post=26878"}],"version-history":[{"count":0,"href":"https:\/\/www.radioamigavallenar.cl\/index.php?rest_route=\/wp\/v2\/posts\/26878\/revisions"}],"wp:featuredmedia":[{"embeddable":true,"href":"https:\/\/www.radioamigavallenar.cl\/index.php?rest_route=\/wp\/v2\/media\/26879"}],"wp:attachment":[{"href":"https:\/\/www.radioamigavallenar.cl\/index.php?rest_route=%2Fwp%2Fv2%2Fmedia&parent=26878"}],"wp:term":[{"taxonomy":"category","embeddable":true,"href":"https:\/\/www.radioamigavallenar.cl\/index.php?rest_route=%2Fwp%2Fv2%2Fcategories&post=26878"},{"taxonomy":"post_tag","embeddable":true,"href":"https:\/\/www.radioamigavallenar.cl\/index.php?rest_route=%2Fwp%2Fv2%2Ftags&post=26878"}],"curies":[{"name":"wp","href":"https:\/\/api.w.org\/{rel}","templated":true}]}}