{"id":26875,"date":"2020-07-22T07:29:45","date_gmt":"2020-07-22T11:29:45","guid":{"rendered":"https:\/\/www.radioamigavallenar.cl\/?p=26875"},"modified":"2020-07-22T07:29:46","modified_gmt":"2020-07-22T11:29:46","slug":"ministerio-de-economia-abre-plataforma-pymes-de-barrio-al-publico-general","status":"publish","type":"post","link":"https:\/\/www.radioamigavallenar.cl\/?p=26875","title":{"rendered":"Ministerio de Econom\u00eda abre plataforma \u2018Pymes de Barrio\u2019 al p\u00fablico general"},"content":{"rendered":"\n<div class=\"wp-block-image\"><figure class=\"aligncenter size-large\"><img loading=\"lazy\" decoding=\"async\" width=\"1024\" height=\"703\" src=\"https:\/\/www.radioamigavallenar.cl\/wp-content\/uploads\/2020\/07\/pymes-de-barrio-1024x703.png\" alt=\"\" class=\"wp-image-26876\" srcset=\"https:\/\/www.radioamigavallenar.cl\/wp-content\/uploads\/2020\/07\/pymes-de-barrio-1024x703.png 1024w, https:\/\/www.radioamigavallenar.cl\/wp-content\/uploads\/2020\/07\/pymes-de-barrio-300x206.png 300w, https:\/\/www.radioamigavallenar.cl\/wp-content\/uploads\/2020\/07\/pymes-de-barrio-768x527.png 768w, https:\/\/www.radioamigavallenar.cl\/wp-content\/uploads\/2020\/07\/pymes-de-barrio.png 1080w\" sizes=\"auto, (max-width: 1024px) 100vw, 1024px\" \/><\/figure><\/div>\n\n\n\n<p>La web promueve la conexi\u00f3n entre la oferta y demanda, adem\u00e1s de permitir a las empresas de menor tama\u00f1o acceder, con tarifas preferenciales, a convenios para despacho en Rappi, Pedidos Ya, ChileExpress, Beat y Correos de Chile.<\/p>\n\n\n\n<p>Se trata del segundo hito relacionado con&nbsp;<a href=\"http:\/\/www.pymesdebarrio.cl\/\">www.pymesdebarrio.cl<\/a>, luego de que se iniciaran las inscripciones de pymes el 3 de julio pasado, con m\u00e1s de 700 pymes inscritas en solo dos semanas. Ahora, el objetivo es dar a conocer el sitio a los usuarios para que comiencen a interactuar con la asistente virtual Gloria, quien los guiar\u00e1 a la hora de conectar con las pymes de su barrio.<\/p>\n\n\n\n<p>\u201cSe trata de una iniciativa innovadora para promover y fortalecer el contacto e intercambio entre las personas. La econom\u00eda requiere del intercambio social para que el comercio de bienes y servicios se produzca en forma sana. Las micro y peque\u00f1as empresas se ver\u00e1n favorecidas pues a niveles de barrio son las que requieren mayores oportunidades en su red de contactos, lo cual es positivo porque est\u00e1n muy golpeadas. Adem\u00e1s, es importante relevar y profundizar el concepto de comunidad, conectando a las pymes de ciertos sectores con las familias que viven en tales sectores, fortaleciendo lazos que trasciendan lo comercial y que logren perdurar en el tiempo. As\u00ed, avanzaremos hacia una econom\u00eda m\u00e1s humana, donde las transacciones de bienes y servicios vayan un paso m\u00e1s all\u00e1 y logren conectar a las personas que conviven en sectores cercanos. Detr\u00e1s de cada peque\u00f1o negocio hay una persona, un rostro humano, una historia, una vida de esfuerzo, as\u00ed como tambi\u00e9n sus clientes. Eso tiene un valor. Las redes a nivel de barrio son importantes para fortalecer la comunidad, especialmente en momentos tan complejos como los que estamos viviendo\u201d, explic\u00f3 el ministro de Econom\u00eda, Lucas Palacios.<\/p>\n\n\n\n<p>La iniciativa naci\u00f3 no s\u00f3lo para apoyar las ventas de las pymes y promover la reactivaci\u00f3n de algunos comercios locales, sino tambi\u00e9n para sensibilizar a las pymes para que incorporen tecnolog\u00eda digital en sus procesos. Esto considerando que el contexto sanitario actual oblig\u00f3 a muchas empresas a volcarse a la venta online. Por ello, el Ministerio de Econom\u00eda, a trav\u00e9s de la Divisi\u00f3n de Empresas de Menor Tama\u00f1o, tiene como meta digitalizar a 250 mil pymes a 2021, dado que solo el 13% de las pymes declara realizar comercio electr\u00f3nico y un 46% dice tener un sitio web, seg\u00fan datos de la misma secretar\u00eda de Estado.<\/p>\n\n\n\n<p>En ese mismo sentido, el Seremi de Econom\u00eda, Fomento y Turismo, Manuel Nanjar\u00ed Contreras reitero el llamado a los emprendedores: \u201cDesde el gobierno del presidente Sebasti\u00e1n Pi\u00f1era y Ministerio de Econom\u00eda, invitamos nuevamente &nbsp;a las pymes de la regi\u00f3n de Atacama a inscribirse en esta nueva plataforma \u201cPymes de Barrio\u201d, la cual, permitir\u00e1 conectar los productos y servicios de miles de peque\u00f1as y medianas empresas con potenciales clientes mediante un sistema de inteligencia artificial. Queremos que las Pymes cuenten con todas las herramientas que las ayuden a digitalizarse, mejorar sus ventas y aprovechar las oportunidades del mercado electr\u00f3nico para crecer y desarrollarse\u201d.<\/p>\n\n\n\n<p>Asimismo, para generar mayor competencia entre las pymes que se registren en&nbsp;<a href=\"http:\/\/www.pymesdebarrio.cl\/\">www.pymesdebarrio.cl<\/a>&nbsp;las empresas podr\u00e1n acceder a aplicaciones y servicios de despacho, tales como Rappi, Pedidos Ya, ChileExpress, Beat y Correos de Chile, con tarifas preferenciales.<\/p>\n\n\n\n<p>Para inscribirse, las pymes deben tener iniciaci\u00f3n de actividades en el Servicio de Impuestos Internos, un punto de despacho para su mercader\u00eda, adem\u00e1s de informar sobre venta y pago en l\u00ednea, p\u00e1gina web o redes sociales, detalle de sus productos, tel\u00e9fono o WhatsApp.<\/p>\n","protected":false},"excerpt":{"rendered":"<p>La web promueve la conexi\u00f3n entre la oferta y demanda, adem\u00e1s de permitir a las empresas de menor tama\u00f1o acceder, con tarifas preferenciales, a convenios&hellip; <\/p>\n","protected":false},"author":2,"featured_media":26876,"comment_status":"open","ping_status":"closed","sticky":false,"template":"","format":"standard","meta":{"footnotes":""},"categories":[7,37,1],"tags":[],"class_list":["post-26875","post","type-post","status-publish","format-standard","has-post-thumbnail","hentry","category-atacama","category-nacional","category-provincia-del-huasco-2"],"_links":{"self":[{"href":"https:\/\/www.radioamigavallenar.cl\/index.php?rest_route=\/wp\/v2\/posts\/26875","targetHints":{"allow":["GET"]}}],"collection":[{"href":"https:\/\/www.radioamigavallenar.cl\/index.php?rest_route=\/wp\/v2\/posts"}],"about":[{"href":"https:\/\/www.radioamigavallenar.cl\/index.php?rest_route=\/wp\/v2\/types\/post"}],"author":[{"embeddable":true,"href":"https:\/\/www.radioamigavallenar.cl\/index.php?rest_route=\/wp\/v2\/users\/2"}],"replies":[{"embeddable":true,"href":"https:\/\/www.radioamigavallenar.cl\/index.php?rest_route=%2Fwp%2Fv2%2Fcomments&post=26875"}],"version-history":[{"count":0,"href":"https:\/\/www.radioamigavallenar.cl\/index.php?rest_route=\/wp\/v2\/posts\/26875\/revisions"}],"wp:featuredmedia":[{"embeddable":true,"href":"https:\/\/www.radioamigavallenar.cl\/index.php?rest_route=\/wp\/v2\/media\/26876"}],"wp:attachment":[{"href":"https:\/\/www.radioamigavallenar.cl\/index.php?rest_route=%2Fwp%2Fv2%2Fmedia&parent=26875"}],"wp:term":[{"taxonomy":"category","embeddable":true,"href":"https:\/\/www.radioamigavallenar.cl\/index.php?rest_route=%2Fwp%2Fv2%2Fcategories&post=26875"},{"taxonomy":"post_tag","embeddable":true,"href":"https:\/\/www.radioamigavallenar.cl\/index.php?rest_route=%2Fwp%2Fv2%2Ftags&post=26875"}],"curies":[{"name":"wp","href":"https:\/\/api.w.org\/{rel}","templated":true}]}}