{"id":26872,"date":"2020-07-22T07:27:00","date_gmt":"2020-07-22T11:27:00","guid":{"rendered":"https:\/\/www.radioamigavallenar.cl\/?p=26872"},"modified":"2020-07-22T07:27:02","modified_gmt":"2020-07-22T11:27:02","slug":"fundacion-integra-realizara-seminario-sobre-la-educacion-parvularia-en-tiempos-de-coronavirus","status":"publish","type":"post","link":"https:\/\/www.radioamigavallenar.cl\/?p=26872","title":{"rendered":"Fundaci\u00f3n Integra realizar\u00e1 seminario sobre la educaci\u00f3n parvularia en tiempos de coronavirus"},"content":{"rendered":"\n<div class=\"wp-block-image\"><figure class=\"aligncenter size-large\"><img loading=\"lazy\" decoding=\"async\" width=\"1024\" height=\"691\" src=\"https:\/\/www.radioamigavallenar.cl\/wp-content\/uploads\/2020\/07\/integra-4-1024x691.jpg\" alt=\"\" class=\"wp-image-26873\" srcset=\"https:\/\/www.radioamigavallenar.cl\/wp-content\/uploads\/2020\/07\/integra-4-1024x691.jpg 1024w, https:\/\/www.radioamigavallenar.cl\/wp-content\/uploads\/2020\/07\/integra-4-300x202.jpg 300w, https:\/\/www.radioamigavallenar.cl\/wp-content\/uploads\/2020\/07\/integra-4-768x518.jpg 768w, https:\/\/www.radioamigavallenar.cl\/wp-content\/uploads\/2020\/07\/integra-4-1536x1036.jpg 1536w, https:\/\/www.radioamigavallenar.cl\/wp-content\/uploads\/2020\/07\/integra-4.jpg 2000w\" sizes=\"auto, (max-width: 1024px) 100vw, 1024px\" \/><\/figure><\/div>\n\n\n\n<p>Producto de la emergencia sanitaria, alrededor de 90 mil ni\u00f1os y ni\u00f1as no han podido asistir a las salas cuna y jardines infantiles de Fundaci\u00f3n Integra. Es por eso que desde los distintos niveles de la instituci\u00f3n se han generado diversas estrategias para dar continuidad a su proceso educativo. As\u00ed, los equipos de salas cuna, jardines infantiles y modalidades no convencionales han desarrollado&nbsp; variadas y creativas iniciativas para mantener el v\u00ednculo con las familias y que estas desde sus hogares puedan reforzar los aprendizajes de ni\u00f1as y ni\u00f1as, aportando adem\u00e1s a su bienestar emocional.<\/p>\n\n\n\n<p>Para reconocer y visibilizar esta importante labor, Fundaci\u00f3n Integra est\u00e1 organizando el Comparte Educaci\u00f3n. Este es un seminario que se ha realizado por 7 a\u00f1os consecutivos de forma presencial, en que se han presentado experiencias educativas desarrolladas por equipos de salas cuna, jardines infantiles y modalidades no convencionales de Integra de todo el pa\u00eds que se caracterizan por su significativo aporte a la calidad educativa. Este a\u00f1o debido a la pandemia el seminario se vivir\u00e1 de una forma distinta y ser\u00e1 transmitido a trav\u00e9s de plataformas digitales.<\/p>\n\n\n\n<p>El Comparte Educaci\u00f3n 2020 online ser\u00e1 un espacio de reflexi\u00f3n que busca que los actores involucrados en el proceso educativo de ni\u00f1os y ni\u00f1as puedan compartir experiencias para fortalecer el rol de cada uno y proyectar estrategias pertinentes a las caracter\u00edsticas de ni\u00f1os y ni\u00f1as y de sus contextos. Adem\u00e1s de la presentaci\u00f3n de 17 experiencias educativas, participar\u00e1n en esta instancia importantes referentes nacionales en educaci\u00f3n infantil para reflexionar sobre los desaf\u00edos de la Educaci\u00f3n Parvularia en situaci\u00f3n de distanciamiento f\u00edsico:<\/p>\n\n\n\n<ul class=\"wp-block-list\"><li><strong>Felipe Lecannelier<\/strong>&nbsp;\u201c\u00bfC\u00f3mo apoyamos a los ni\u00f1os y ni\u00f1as de la primera infancia en el contexto actual?\u201d<\/li><li><strong>Ana Mar\u00eda Ar\u00f3n<\/strong>&nbsp;\u201cLas familias como primeros educadores\u201d<\/li><li><strong>Alejandra Falabella<\/strong>&nbsp;\u201cLa Calidad Educativa oportuna y pertinente\u201d<\/li><\/ul>\n\n\n\n<p>El encuentro virtual, abierto a todo p\u00fablico, se llevar\u00e1 a cabo durante los tres pr\u00f3ximos jueves (23 y 30 de julio y 6 de agosto) desde las 10:30 a las 12:00 horas a trav\u00e9s del canal de Youtube y la p\u00e1gina de Facebook de Fundaci\u00f3n Integra.<\/p>\n","protected":false},"excerpt":{"rendered":"<p>Producto de la emergencia sanitaria, alrededor de 90 mil ni\u00f1os y ni\u00f1as no han podido asistir a las salas cuna y jardines infantiles de Fundaci\u00f3n&hellip; <\/p>\n","protected":false},"author":2,"featured_media":26873,"comment_status":"open","ping_status":"closed","sticky":false,"template":"","format":"standard","meta":{"footnotes":""},"categories":[37],"tags":[],"class_list":["post-26872","post","type-post","status-publish","format-standard","has-post-thumbnail","hentry","category-nacional"],"_links":{"self":[{"href":"https:\/\/www.radioamigavallenar.cl\/index.php?rest_route=\/wp\/v2\/posts\/26872","targetHints":{"allow":["GET"]}}],"collection":[{"href":"https:\/\/www.radioamigavallenar.cl\/index.php?rest_route=\/wp\/v2\/posts"}],"about":[{"href":"https:\/\/www.radioamigavallenar.cl\/index.php?rest_route=\/wp\/v2\/types\/post"}],"author":[{"embeddable":true,"href":"https:\/\/www.radioamigavallenar.cl\/index.php?rest_route=\/wp\/v2\/users\/2"}],"replies":[{"embeddable":true,"href":"https:\/\/www.radioamigavallenar.cl\/index.php?rest_route=%2Fwp%2Fv2%2Fcomments&post=26872"}],"version-history":[{"count":0,"href":"https:\/\/www.radioamigavallenar.cl\/index.php?rest_route=\/wp\/v2\/posts\/26872\/revisions"}],"wp:featuredmedia":[{"embeddable":true,"href":"https:\/\/www.radioamigavallenar.cl\/index.php?rest_route=\/wp\/v2\/media\/26873"}],"wp:attachment":[{"href":"https:\/\/www.radioamigavallenar.cl\/index.php?rest_route=%2Fwp%2Fv2%2Fmedia&parent=26872"}],"wp:term":[{"taxonomy":"category","embeddable":true,"href":"https:\/\/www.radioamigavallenar.cl\/index.php?rest_route=%2Fwp%2Fv2%2Fcategories&post=26872"},{"taxonomy":"post_tag","embeddable":true,"href":"https:\/\/www.radioamigavallenar.cl\/index.php?rest_route=%2Fwp%2Fv2%2Ftags&post=26872"}],"curies":[{"name":"wp","href":"https:\/\/api.w.org\/{rel}","templated":true}]}}