{"id":26869,"date":"2020-07-22T07:24:23","date_gmt":"2020-07-22T11:24:23","guid":{"rendered":"https:\/\/www.radioamigavallenar.cl\/?p=26869"},"modified":"2020-07-22T07:24:25","modified_gmt":"2020-07-22T11:24:25","slug":"gobierno-transfiere-1-638-millones-del-fondo-solidario-a-las-municipalidades-de-atacama","status":"publish","type":"post","link":"https:\/\/www.radioamigavallenar.cl\/?p=26869","title":{"rendered":"Gobierno transfiere $1.638 millones del Fondo Solidario a las municipalidades de Atacama"},"content":{"rendered":"\n<div class=\"wp-block-image\"><figure class=\"aligncenter size-large\"><img loading=\"lazy\" decoding=\"async\" width=\"1024\" height=\"768\" src=\"https:\/\/www.radioamigavallenar.cl\/wp-content\/uploads\/2020\/07\/REUNI\u00d3N-CON-ALCALDES-3-1024x768.jpeg\" alt=\"\" class=\"wp-image-26870\" srcset=\"https:\/\/www.radioamigavallenar.cl\/wp-content\/uploads\/2020\/07\/REUNI\u00d3N-CON-ALCALDES-3-1024x768.jpeg 1024w, https:\/\/www.radioamigavallenar.cl\/wp-content\/uploads\/2020\/07\/REUNI\u00d3N-CON-ALCALDES-3-300x225.jpeg 300w, https:\/\/www.radioamigavallenar.cl\/wp-content\/uploads\/2020\/07\/REUNI\u00d3N-CON-ALCALDES-3-768x576.jpeg 768w, https:\/\/www.radioamigavallenar.cl\/wp-content\/uploads\/2020\/07\/REUNI\u00d3N-CON-ALCALDES-3.jpeg 1280w\" sizes=\"auto, (max-width: 1024px) 100vw, 1024px\" \/><\/figure><\/div>\n\n\n\n<p>Durante ayer martes el Presidente de la Rep\u00fablica, Sebasti\u00e1n Pi\u00f1era, anunci\u00f3 la segunda entrega del Fondo Solidario Municipal para las nueve comunas de la Regi\u00f3n de Atacama. Tal como en la primera remesa, los recursos tienen como objetivo continuar apoyando la labor de los municipios en el combate del Covid-19.<\/p>\n\n\n\n<p>En esta ocasi\u00f3n, los nuevos fondos destinados a la regi\u00f3n contienen un aumento de 19,1% en comparaci\u00f3n con los entregados el 20 de mayo, totalizando $1.638 millones. A nivel nacional, el aporte de 120 millones de d\u00f3lares beneficia a 342 municipios del pa\u00eds que recibieron hoy montos diferenciados de acuerdo con su n\u00famero de habitantes y situaci\u00f3n de vulnerabilidad.<\/p>\n\n\n\n<p>\u201cHace un tiempo atr\u00e1s hicimos un primer aporte solidario de 100 millones de d\u00f3lares a los municipios. Estamos ya entregando los siete mil millones para fortalecer el rol de los municipios en todo ese proceso de testeo, trazabilidad y aislamiento, pero hoy d\u00eda quiero anunciar un aporte adicional. A partir de esta semana vamos a empezar a entregar a los municipios el segundo aporte solidario, que esta vez es mayor que el primero. Son 120 millones de d\u00f3lares, para permitir a los municipios tener los recursos suficientes para participar en este combate, que es un combate de todos los chilenos contra el coronavirus\u201d, afirm\u00f3 el Presidente Sebasti\u00e1n Pi\u00f1era esta tarde al anunciar este segundo dep\u00f3sito.<\/p>\n\n\n\n<p>Tal como en el primer Fondo Solidario, la ejecuci\u00f3n de los recursos debe estar enfocada en dar respuesta a necesidades surgidas a causa de la emergencia sanitaria. Algunas de las \u00e1reas en las que pueden ser utilizados tienen relaci\u00f3n con la compra de alimentos, medicamentos e insumos b\u00e1sicos para el tratamiento de enfermedades. Tambi\u00e9n podr\u00e1n ser destinados a otras acciones como el pago de arriendos, gastos comunes, servicios b\u00e1sicos, hospedajes transitorios, traslados y servicios funerarios.<\/p>\n\n\n\n<p>\u201cSabemos que hay muchas personas pas\u00e1ndolo mal en Chile producto de la pandemia. El objetivo del Fondo Solidario es que el Estado pueda tenderles una mano por medio de las autoridades que les son m\u00e1s cercanas: los alcaldes\u201d, dijo el subsecretario de Desarrollo Regional, Juan Manuel Masferrer.<\/p>\n\n\n\n<h3 class=\"has-text-align-center wp-block-heading\"><strong>Comunas beneficiadas en la regi\u00f3n<\/strong><\/h3>\n\n\n\n<p>El Intendente de Atacama, Patricio Urquieta, dijo que \u201choy compartimos una muy buena noticia con los representantes de los municipios de la Regi\u00f3n de Atacama. Esta semana el Gobierno del Presidente Pi\u00f1era comienza con la transferencia de los recursos del segundo fondo solidario a las nueve comunas de la regi\u00f3n y en esta ocasi\u00f3n, el fondo contempla m\u00e1s de 1.600 millones para la Regi\u00f3n de Atacama, incrementando m\u00e1s de un 19% al primer fondo solidario ya distribuido. Esto pretende tambi\u00e9n que podamos fortalecer las capacidades de los municipios para atender la mayor demanda social y sobre todo seguir colaborando con las familias m\u00e1s vulnerables y ojal\u00e1 tambi\u00e9n llegar a aquellos lugares donde no hemos llegado con anterioridad. Se suma tambi\u00e9n a las ayudas que ya hemos entregado con anterioridad de parte del Ministerio de Salud y tambi\u00e9n la colaboraci\u00f3n que se ha financiado a trav\u00e9s del Gobierno Regional\u201d.<\/p>\n\n\n\n<p>La jefa de la Unidad Regional de la Subdere (URS), Vania Versalovic, explic\u00f3 que los criterios para distribuir estos recursos responden a datos objetivos, pues se calcularon de acuerdo a la cantidad de poblaci\u00f3n vulnerable de cada zona, tomando en consideraci\u00f3n los datos del Registro Social de Hogares.<\/p>\n\n\n\n<p>\u201cEste importante aporte queda completamente en manos de las municipalidades, porque tenemos la confianza de que ellos conocen d\u00f3nde est\u00e1n las principales necesidades de sus vecinos y sabr\u00e1n usar los recursos para ir en ayuda de ellos\u201d, detall\u00f3 Versalovic.<\/p>\n\n\n\n<p>El alcalde Ra\u00fal Salas dijo \u201ccreemos que esta segunda entrega de parte del Gobierno es muy importante y lo agradecemos porque es un aporte que va a ser destinado al beneficio y a la protecci\u00f3n de nuestros vecinos y vecinas a prop\u00f3sito de esta pandemia\u201d.<\/p>\n\n\n\n<h3 class=\"has-text-align-center wp-block-heading\">Montos para los municipios<\/h3>\n\n\n\n<p>Municipalidad de Copiap\u00f3: M$862.393 (se suman a los M$ 772.779 de mayo)<\/p>\n\n\n\n<p>Municipalidad de Caldera: M$108.592 (se suman a los M$ 91.498 de mayo)<\/p>\n\n\n\n<p>Municipalidad de Tierra Amarilla: M$81.155 (se suman a los M$68.243 de mayo)<\/p>\n\n\n\n<p>Municipalidad de Cha\u00f1aral: M$ 74.018 (se suman a los M$ 62.255 de mayo)<\/p>\n\n\n\n<p>Municipalidad de Diego de Almagro: M$69.792 (se suman a los M$ 58.765 de mayo)<\/p>\n\n\n\n<p>Municipalidad de Vallenar: M$306.252 (se suman a los M$ 256.755 de mayo)<\/p>\n\n\n\n<p>Municipalidad de Alto del Carmen: M$32.923 (se suman a los M$ 27.778 de mayo)<\/p>\n\n\n\n<p>Municipalidad de Freirina: M$42.840 (se suman a los M$ 36.041 de mayo)<\/p>\n\n\n\n<p>Municipalidad de Huasco: M$60.151 (se suman a los M$ 50.537 de mayo)<\/p>\n\n\n\n<h3 class=\"has-text-align-center wp-block-heading\"><strong>Otros aportes<\/strong><\/h3>\n\n\n\n<p>Cabe destacar que este aporte se suma a otros esfuerzos hechos por el Gobierno para apoyar a los municipios durante la pandemia, como la asignaci\u00f3n de $60 mil millones para la ejecuci\u00f3n de proyectos en marzo, la resignaci\u00f3n de $75 mil millones para combatir la emergencia durante abril, los $80.960 millones del primer Fondo Solidario, los adelantos en los flujos del Fondo Com\u00fan Municipal durante los meses de mayo y junio, por un total de $154 mil millones y la reciente asignaci\u00f3n del Fondo de Incentivo a la Gesti\u00f3n Municipal ($ 15 mil millones), a 174 municipalidades.<\/p>\n","protected":false},"excerpt":{"rendered":"<p>Durante ayer martes el Presidente de la Rep\u00fablica, Sebasti\u00e1n Pi\u00f1era, anunci\u00f3 la segunda entrega del Fondo Solidario Municipal para las nueve comunas de la Regi\u00f3n&hellip; <\/p>\n","protected":false},"author":2,"featured_media":26870,"comment_status":"open","ping_status":"closed","sticky":false,"template":"","format":"standard","meta":{"footnotes":""},"categories":[5,7,3,4,1,2],"tags":[],"class_list":["post-26869","post","type-post","status-publish","format-standard","has-post-thumbnail","hentry","category-alto-del-carmen","category-atacama","category-freirina","category-huasco","category-provincia-del-huasco-2","category-vallenar"],"_links":{"self":[{"href":"https:\/\/www.radioamigavallenar.cl\/index.php?rest_route=\/wp\/v2\/posts\/26869","targetHints":{"allow":["GET"]}}],"collection":[{"href":"https:\/\/www.radioamigavallenar.cl\/index.php?rest_route=\/wp\/v2\/posts"}],"about":[{"href":"https:\/\/www.radioamigavallenar.cl\/index.php?rest_route=\/wp\/v2\/types\/post"}],"author":[{"embeddable":true,"href":"https:\/\/www.radioamigavallenar.cl\/index.php?rest_route=\/wp\/v2\/users\/2"}],"replies":[{"embeddable":true,"href":"https:\/\/www.radioamigavallenar.cl\/index.php?rest_route=%2Fwp%2Fv2%2Fcomments&post=26869"}],"version-history":[{"count":0,"href":"https:\/\/www.radioamigavallenar.cl\/index.php?rest_route=\/wp\/v2\/posts\/26869\/revisions"}],"wp:featuredmedia":[{"embeddable":true,"href":"https:\/\/www.radioamigavallenar.cl\/index.php?rest_route=\/wp\/v2\/media\/26870"}],"wp:attachment":[{"href":"https:\/\/www.radioamigavallenar.cl\/index.php?rest_route=%2Fwp%2Fv2%2Fmedia&parent=26869"}],"wp:term":[{"taxonomy":"category","embeddable":true,"href":"https:\/\/www.radioamigavallenar.cl\/index.php?rest_route=%2Fwp%2Fv2%2Fcategories&post=26869"},{"taxonomy":"post_tag","embeddable":true,"href":"https:\/\/www.radioamigavallenar.cl\/index.php?rest_route=%2Fwp%2Fv2%2Ftags&post=26869"}],"curies":[{"name":"wp","href":"https:\/\/api.w.org\/{rel}","templated":true}]}}