{"id":26866,"date":"2020-07-22T07:21:08","date_gmt":"2020-07-22T11:21:08","guid":{"rendered":"https:\/\/www.radioamigavallenar.cl\/?p=26866"},"modified":"2020-07-22T07:21:09","modified_gmt":"2020-07-22T11:21:09","slug":"pleno-del-core-abordo-temas-urgentes-para-la-region","status":"publish","type":"post","link":"https:\/\/www.radioamigavallenar.cl\/?p=26866","title":{"rendered":"Pleno del CORE abord\u00f3 temas urgentes para la regi\u00f3n"},"content":{"rendered":"\n<div class=\"wp-block-image\"><figure class=\"aligncenter size-large\"><img loading=\"lazy\" decoding=\"async\" width=\"1024\" height=\"683\" src=\"https:\/\/www.radioamigavallenar.cl\/wp-content\/uploads\/2020\/07\/IMG_9668-1024x683-1.jpg\" alt=\"\" class=\"wp-image-26867\" srcset=\"https:\/\/www.radioamigavallenar.cl\/wp-content\/uploads\/2020\/07\/IMG_9668-1024x683-1.jpg 1024w, https:\/\/www.radioamigavallenar.cl\/wp-content\/uploads\/2020\/07\/IMG_9668-1024x683-1-300x200.jpg 300w, https:\/\/www.radioamigavallenar.cl\/wp-content\/uploads\/2020\/07\/IMG_9668-1024x683-1-768x512.jpg 768w\" sizes=\"auto, (max-width: 1024px) 100vw, 1024px\" \/><\/figure><\/div>\n\n\n\n<ul class=\"wp-block-list\"><li><strong>Desde un preocupante d\u00e9ficit de docentes al 2025, hasta avances en adquisici\u00f3n de terrenos para construcci\u00f3n de m\u00e1s viviendas, fueron parte de las propuestas analizadas por los 14 Consejeros Regionales.<\/strong><\/li><\/ul>\n\n\n\n<p>Tras dos semanas de intenso trabajo de Comisiones, el Consejo Regional de Atacama realiz\u00f3 su Sesi\u00f3n Ordinaria N\u00b014 ayer martes 21 del presente. En la ocasi\u00f3n, se abordaron distintas tem\u00e1ticas de gran relevancia para la comunidad sobre: construcci\u00f3n de viviendas, campamentos sociales, tomas en el borde costero, educaci\u00f3n, entre otros.<\/p>\n\n\n\n<p>De acuerdo a esto, las distintas comisiones del CORE se reunieron en m\u00e1s de una ocasi\u00f3n para revisar los requerimientos planteados y las decisiones que este \u00d3rgano P\u00fablico Colegiado debe tomar, respecto a temas urgentes para los habitantes, as\u00ed como, sobre el desarrollo de la regi\u00f3n.<\/p>\n\n\n\n<p>Sobre ello, la Presidenta del Consejo Regional de Atacama, Consejera Ruth Vega Donoso, inform\u00f3 que \u201chemos tenido una sesi\u00f3n plenaria despu\u00e9s de dos semanas de un gran trabajo realizado desde las Comisiones en orden a poder generar pol\u00edticas p\u00fablicas vinculadas a los temas regionales, en relaci\u00f3n a las necesidades de las comunidades\u201d, precis\u00f3 la autoridad.<\/p>\n\n\n\n<p class=\"has-text-align-center\"><strong>D\u00c9FICIT DE DOCENTES<\/strong><\/p>\n\n\n\n<p>La Comisi\u00f3n de Educaci\u00f3n, liderada por el Consejero Juan Santana, puso en marcha un interesante trabajo de coordinaci\u00f3n, para poder buscar los mecanismos que puedan resolver el preocupante d\u00e9ficit de un 42% de docentes al 2025 en Atacama. Una situaci\u00f3n que adem\u00e1s ubicar\u00eda a la regi\u00f3n en el primer lugar, a nivel pa\u00eds, con este problema en la educaci\u00f3n p\u00fablica.<\/p>\n\n\n\n<p>Ante esto, los integrantes de dicha Comisi\u00f3n se reunieron con el Colegio de Profesores, comunal Copiap\u00f3, los representantes del SLEP Huasco, los DAEM y, la Universidad de Atacama, para analizar dicha situaci\u00f3n.<\/p>\n\n\n\n<p>La Presidenta del CORE, Ruth Vega, explic\u00f3 que \u201cexiste un gran n\u00famero de profesores en la regi\u00f3n que no cuentan con t\u00edtulo docente, hay autorizaciones para que profesionales, como ingenieros, puedan realizar clases de matem\u00e1tica, f\u00edsica, qu\u00edmica, pero no cuentan con t\u00edtulo de pedagogo. Sucede tambi\u00e9n con profesores generalistas, en las provincias de Cha\u00f1aral y Huasco, que en educaci\u00f3n b\u00e1sica no tienen su menci\u00f3n. Est\u00e1n quienes por muchos a\u00f1os trabajan en el sistema, pero no tienen t\u00edtulo alguno, si no regularizan, cuando pase la educaci\u00f3n municipal al Servicio Local de Educaci\u00f3n P\u00fablica, SLEP, habr\u00e1 un gran n\u00famero que dejar\u00e1 sus puestos de trabajo, algo que se transformar\u00e1 en un grave problema regional, siendo Atacama la primera en el pa\u00eds que al 2025, registrar\u00e1 d\u00e9ficit de un 42% de docentes en la regi\u00f3n. Por ello, se busca que la Universidad de Atacama pueda liderar cursos de formaci\u00f3n, pos t\u00edtulos, donde se pueda apoyar con alg\u00fan convenio, el que debe ser analizado\u201d, coment\u00f3 la autoridad regional.<\/p>\n\n\n\n<p>Destacar, adem\u00e1s, que la Comisi\u00f3n de Educaci\u00f3n del Consejo Regional, revis\u00f3 el tema sobre infraestructura y proyectos de conservaci\u00f3n de recintos educacionales de Atacama; junto con iniciar un trabajo que podr\u00eda permitir concretar un convenio de programaci\u00f3n entre el GORE y el Ministerio de Educaci\u00f3n, para la reposici\u00f3n en Tierra Amarilla, de la escuela V\u00edctor S\u00e1nchez y el liceo Jorge Alessandri Rodr\u00edguez; como adem\u00e1s abordar la propuesta de Copiap\u00f3, con la escuela Rudecindo Pe\u00f1a que se transformar\u00eda en un recinto que atender\u00eda integralmente a la escuela Pukar\u00e1, un anhelo de largos a\u00f1os para apoderados y docentes.<\/p>\n\n\n\n<p class=\"has-text-align-center\"><strong>CAMPAMENTOS<\/strong><\/p>\n\n\n\n<p>La Comisi\u00f3n de Ordenamiento Territorial, que preside el CORE Sergio Bordoli; la Comisi\u00f3n Provincial de Copiap\u00f3, que lidera el CORE Patricio Alfaro; la Comisi\u00f3n Provincial de Huasco, cuya presidenta es la CORE Fabiola P\u00e9rez y, la Comisi\u00f3n de Inversiones, que lidera el CORE Gabriel Manquez, han estado trabajando en torno al Convenio de Programaci\u00f3n entre el GORE y el MINVU.<\/p>\n\n\n\n<p>Respecto a la propuesta planteada por la Serem\u00eda de Vivienda y el SERVIU, en relaci\u00f3n a poder adquirir terrenos para construir viviendas y responder as\u00ed a la demanda habitacional, la que ha sido abordada en las distintas Comisiones. Igualmente, se ha estado analizando las tomas de terrenos en el borde costero y el aumento de los campamentos sociales.<\/p>\n\n\n\n<p>En relaci\u00f3n a esto, la Presidenta del CORE se\u00f1al\u00f3 que \u201cdestacamos la propuesta de construcci\u00f3n de barrios integrales con servicios asociados a las viviendas, al igual que, la materializaci\u00f3n de urbanizaci\u00f3n en zonas que por a\u00f1os han esperado para que se regularice este tema\u201d, \u2013 agregando que-, \u201csabemos que la gran urgencia es poder brindar a las familias lugares y viviendas dignas donde vivir. Nos preocupa el incremento de quienes habitan en campamentos, siendo un total de 9.637 las personas que se encuentran en esta condici\u00f3n en la regi\u00f3n, seg\u00fan lo informado por el SERVIU\u201d, puntualiz\u00f3 la Consejera Vega.<\/p>\n\n\n\n<p>Cabe precisar que, estos son algunos de los temas trabajos en las \u00faltimas semanas por las Comisiones del Consejo Regional de Atacama. Requerimientos que son debidamente analizados para poder resolver, seg\u00fan las competencias de este organismo, con miras al bien com\u00fan de los habitantes de la regi\u00f3n.<\/p>\n","protected":false},"excerpt":{"rendered":"<p>Desde un preocupante d\u00e9ficit de docentes al 2025, hasta avances en adquisici\u00f3n de terrenos para construcci\u00f3n de m\u00e1s viviendas, fueron parte de las propuestas analizadas&hellip; <\/p>\n","protected":false},"author":2,"featured_media":26867,"comment_status":"open","ping_status":"closed","sticky":false,"template":"","format":"standard","meta":{"footnotes":""},"categories":[7],"tags":[],"class_list":["post-26866","post","type-post","status-publish","format-standard","has-post-thumbnail","hentry","category-atacama"],"_links":{"self":[{"href":"https:\/\/www.radioamigavallenar.cl\/index.php?rest_route=\/wp\/v2\/posts\/26866","targetHints":{"allow":["GET"]}}],"collection":[{"href":"https:\/\/www.radioamigavallenar.cl\/index.php?rest_route=\/wp\/v2\/posts"}],"about":[{"href":"https:\/\/www.radioamigavallenar.cl\/index.php?rest_route=\/wp\/v2\/types\/post"}],"author":[{"embeddable":true,"href":"https:\/\/www.radioamigavallenar.cl\/index.php?rest_route=\/wp\/v2\/users\/2"}],"replies":[{"embeddable":true,"href":"https:\/\/www.radioamigavallenar.cl\/index.php?rest_route=%2Fwp%2Fv2%2Fcomments&post=26866"}],"version-history":[{"count":0,"href":"https:\/\/www.radioamigavallenar.cl\/index.php?rest_route=\/wp\/v2\/posts\/26866\/revisions"}],"wp:featuredmedia":[{"embeddable":true,"href":"https:\/\/www.radioamigavallenar.cl\/index.php?rest_route=\/wp\/v2\/media\/26867"}],"wp:attachment":[{"href":"https:\/\/www.radioamigavallenar.cl\/index.php?rest_route=%2Fwp%2Fv2%2Fmedia&parent=26866"}],"wp:term":[{"taxonomy":"category","embeddable":true,"href":"https:\/\/www.radioamigavallenar.cl\/index.php?rest_route=%2Fwp%2Fv2%2Fcategories&post=26866"},{"taxonomy":"post_tag","embeddable":true,"href":"https:\/\/www.radioamigavallenar.cl\/index.php?rest_route=%2Fwp%2Fv2%2Ftags&post=26866"}],"curies":[{"name":"wp","href":"https:\/\/api.w.org\/{rel}","templated":true}]}}